{"id":1267,"date":"2014-09-23T00:00:00","date_gmt":"2014-09-23T00:00:00","guid":{"rendered":"https:\/\/www.edypro-online.com\/edypro-le-invita-a-la-feria-vegetal-world\/"},"modified":"2014-09-23T00:00:00","modified_gmt":"2014-09-23T00:00:00","slug":"edypro-le-invita-a-la-feria-vegetal-world","status":"publish","type":"post","link":"https:\/\/edyprobiotec.com\/en\/edypro-le-invita-a-la-feria-vegetal-world\/","title":{"rendered":"EDYPRO le invita a la Feria Vegetal World"},"content":{"rendered":"<p><i>EDYPRO BIOTECNOLOG\u00cdA tiene el placer de invitarle a visitar nuestro stand en la Feria VEGETAL WORLD 2014 que tendr\u00e1 lugar del 1 al 3 de octubre en Feria Valencia, Pabell\u00f3n N2-P2 Stand B27<\/i><\/p>\n<p>EDYPRO BIOTECNOLOG\u00cdA tiene el placer de invitarle a visitar nuestro stand en la Feria VEGETAL WORLD 2014 que tendr\u00e1 lugar del 1 al 3 de octubre en Feria Valencia, Pabell\u00f3n N2-P2 Stand B27<\/p>\n<p>EDYPRO Biotecnolog\u00eda presentar\u00e1 sus avances en la aplicaci\u00f3n de productos biotecnologicos para aumentar el rendimiento en el campo y mejorar la calidad de la cosecha.<\/p>\n<p>El Jueves 2 de Octubre de las 12:00 daremos la conferencia &#8220;Como utilizamos la biotecnolog\u00eda de EDYPRO para aumentar la rentabilidad de las explotaciones&#8221;<\/p>\n<p>VEGETAL WORLD presenta la oferta de productos y servicios dirigidos al sector agr\u00edcola. Este certamen, de Transferencia Tecnol\u00f3gica, a\u00fana investigaci\u00f3n, divulgaci\u00f3n y producci\u00f3n y busca dar a conocer en un escenario \u00fanico las propuestas m\u00e1s innovadoras para los cultivos mediterr\u00e1neos.<\/p>\n<p>Puede solictanos si lo desea informaci\u00f3n adicional.<br \/>\nCorreo: info@edypro-online.com<br \/>\nTel.: 902 50 65 60<br \/>\nContacte con nosotros para concretar la cita en nuestro stand.<\/p>\n<p>\u00a1Le esperamos!<\/p>","protected":false},"excerpt":{"rendered":"<p>EDYPRO BIOTECNOLOG\u00cdA tiene el placer de invitarle a visitar nuestro stand en la Feria VEGETAL WORLD 2014 que tendr\u00e1 lugar del 1 al 3 de octubre en Feria Valencia, Pabell\u00f3n N2-P2 Stand B27 EDYPRO BIOTECNOLOG\u00cdA tiene el placer de invitarle a visitar nuestro stand en la Feria VEGETAL WORLD 2014 que tendr\u00e1 lugar del 1 [&hellip;]<\/p>\n","protected":false},"author":1,"featured_media":12362,"comment_status":"closed","ping_status":"closed","sticky":false,"template":"","format":"standard","meta":{"_acf_changed":false,"inline_featured_image":false,"footnotes":""},"categories":[56],"tags":[],"class_list":["post-1267","post","type-post","status-publish","format-standard","has-post-thumbnail","hentry","category-actualidad"],"acf":[],"_links":{"self":[{"href":"https:\/\/edyprobiotec.com\/en\/wp-json\/wp\/v2\/posts\/1267","targetHints":{"allow":["GET"]}}],"collection":[{"href":"https:\/\/edyprobiotec.com\/en\/wp-json\/wp\/v2\/posts"}],"about":[{"href":"https:\/\/edyprobiotec.com\/en\/wp-json\/wp\/v2\/types\/post"}],"author":[{"embeddable":true,"href":"https:\/\/edyprobiotec.com\/en\/wp-json\/wp\/v2\/users\/1"}],"replies":[{"embeddable":true,"href":"https:\/\/edyprobiotec.com\/en\/wp-json\/wp\/v2\/comments?post=1267"}],"version-history":[{"count":0,"href":"https:\/\/edyprobiotec.com\/en\/wp-json\/wp\/v2\/posts\/1267\/revisions"}],"wp:featuredmedia":[{"embeddable":true,"href":"https:\/\/edyprobiotec.com\/en\/wp-json\/wp\/v2\/media\/12362"}],"wp:attachment":[{"href":"https:\/\/edyprobiotec.com\/en\/wp-json\/wp\/v2\/media?parent=1267"}],"wp:term":[{"taxonomy":"category","embeddable":true,"href":"https:\/\/edyprobiotec.com\/en\/wp-json\/wp\/v2\/categories?post=1267"},{"taxonomy":"post_tag","embeddable":true,"href":"https:\/\/edyprobiotec.com\/en\/wp-json\/wp\/v2\/tags?post=1267"}],"curies":[{"name":"wp","href":"https:\/\/api.w.org\/{rel}","templated":true}]}}