{"id":1270,"date":"2014-08-27T00:00:00","date_gmt":"2014-08-27T00:00:00","guid":{"rendered":"https:\/\/www.edypro-online.com\/participacion-en-la-jornada-de-campo-del-arroz\/"},"modified":"2014-08-27T00:00:00","modified_gmt":"2014-08-27T00:00:00","slug":"participacion-en-la-jornada-de-campo-del-arroz","status":"publish","type":"post","link":"https:\/\/edyprobiotec.com\/en\/participacion-en-la-jornada-de-campo-del-arroz\/","title":{"rendered":"Participaci\u00f3n en la Jornada de campo del arroz"},"content":{"rendered":"<p class=\"MsoNormal\" style=\"text-align: justify;\">EDYPRO, mediante su vitrina de aplicaci\u00f3n demostrativa de EDYFRUIT ARROZ, ha participado en la Jornada de campo del arroz organizado por IRTA.<\/p>\n<p class=\"MsoNormal\" style=\"text-align: justify;\">Ayer, 28 de Agosto, se ha celebrado la Jornada de campo del arroz de IRTA, que re\u00fane a los actores mas importantes del sector arrocero, con participantes de distintos pa\u00edses.<\/p>\n<p class=\"MsoNormal\" style=\"text-align: justify;\">\n<p class=\"MsoNormal\" style=\"text-align: justify;\">EDYPRO ha presentado los resultados de las aplicaciones de su producto-estrella EDYFRUIT ARROZ, aplicado a limite de fecha \u00f3ptima, para mostrar las diferencias en la evoluci\u00f3n de las plantas tratadas en el momento \u00f3ptimo (3-4 hojas verdaderas) y aquellas que se han tratado en pleno ahijado.<\/p>\n<p class=\"MsoNormal\" style=\"text-align: justify;\">El resultado ha sido que, aunque las aplicaciones se han realizado m\u00e1s tarde de las fechas recomendadas (25 d\u00edas despu\u00e9s del momento optimo) las plantas tratadas han tenido un aumento importante de n\u00famero de granos por espiga. Por otro lado, se ha observado que, en la parcela tratada, los granos de la base de la espiga estaban llenos, siendo un n\u00famero menor en la parcela testigo, y muchos vac\u00edos.<\/p>\n<p class=\"MsoNormal\" style=\"text-align: justify;\">Para EDYPRO ha sido muy importante contactar en la jornada con nuestros clientes y distribuidores de varias zonas productoras de arroz de Espa\u00f1a, \u00a0que hay ayudado a explicar en que aspectos de funcionamiento de la planta de arroz incide EDYFRUIT ARROZ y que resultados espectaculares se consiguen con la aplicaci\u00f3n de nuestros productos.<\/p>\n<p class=\"MsoNormal\" style=\"text-align: justify;\">Al finalizar la jornada hemos visitado unos campos de la zona excelente, tratados con nuestros productos y que prometen una buena cosecha.<\/p>\n<p class=\"MsoNormal\" style=\"text-align: justify;\">\n<p><span style=\"text-align: justify;\">Ha sido un placer participar en el esta jornada de IRTA y poder colaborar para la mejora del cultivo del arroz.<\/span><\/p>","protected":false},"excerpt":{"rendered":"<p>EDYPRO, mediante su vitrina de aplicaci\u00f3n demostrativa de EDYFRUIT ARROZ, ha participado en la Jornada de campo del arroz organizado por IRTA. Ayer, 28 de Agosto, se ha celebrado la Jornada de campo del arroz de IRTA, que re\u00fane a los actores mas importantes del sector arrocero, con participantes de distintos pa\u00edses. EDYPRO ha presentado [&hellip;]<\/p>\n","protected":false},"author":1,"featured_media":12365,"comment_status":"closed","ping_status":"closed","sticky":false,"template":"","format":"standard","meta":{"_acf_changed":false,"inline_featured_image":false,"footnotes":""},"categories":[56],"tags":[],"class_list":["post-1270","post","type-post","status-publish","format-standard","has-post-thumbnail","hentry","category-actualidad"],"acf":[],"_links":{"self":[{"href":"https:\/\/edyprobiotec.com\/en\/wp-json\/wp\/v2\/posts\/1270","targetHints":{"allow":["GET"]}}],"collection":[{"href":"https:\/\/edyprobiotec.com\/en\/wp-json\/wp\/v2\/posts"}],"about":[{"href":"https:\/\/edyprobiotec.com\/en\/wp-json\/wp\/v2\/types\/post"}],"author":[{"embeddable":true,"href":"https:\/\/edyprobiotec.com\/en\/wp-json\/wp\/v2\/users\/1"}],"replies":[{"embeddable":true,"href":"https:\/\/edyprobiotec.com\/en\/wp-json\/wp\/v2\/comments?post=1270"}],"version-history":[{"count":0,"href":"https:\/\/edyprobiotec.com\/en\/wp-json\/wp\/v2\/posts\/1270\/revisions"}],"wp:featuredmedia":[{"embeddable":true,"href":"https:\/\/edyprobiotec.com\/en\/wp-json\/wp\/v2\/media\/12365"}],"wp:attachment":[{"href":"https:\/\/edyprobiotec.com\/en\/wp-json\/wp\/v2\/media?parent=1270"}],"wp:term":[{"taxonomy":"category","embeddable":true,"href":"https:\/\/edyprobiotec.com\/en\/wp-json\/wp\/v2\/categories?post=1270"},{"taxonomy":"post_tag","embeddable":true,"href":"https:\/\/edyprobiotec.com\/en\/wp-json\/wp\/v2\/tags?post=1270"}],"curies":[{"name":"wp","href":"https:\/\/api.w.org\/{rel}","templated":true}]}}