{"id":1275,"date":"2012-01-12T00:00:00","date_gmt":"2012-01-12T00:00:00","guid":{"rendered":"https:\/\/www.edypro-online.com\/edypro-galardonada-en-la-categoria\/"},"modified":"2012-01-12T00:00:00","modified_gmt":"2012-01-12T00:00:00","slug":"edypro-galardonada-en-la-categoria","status":"publish","type":"post","link":"https:\/\/edyprobiotec.com\/en\/edypro-galardonada-en-la-categoria\/","title":{"rendered":"EDYPRO galardonada por &#8220;Pactem Nord&#8221;"},"content":{"rendered":"<p class=\"MsoNormal\"><span style=\"text-align: justify;\"><strong>EDYPRO<\/strong> biotecnolog\u00eda ha sido galardonada por los \u201cDistintivos PACTEM NORD a la Corresponsabilidad Territorial\u201d en la categor\u00eda<\/span><span style=\"text-align: justify;\">\u00a0<\/span><span style=\"text-align: justify;\">\u201cIgualdad de oportunidades entre hombres y mujeres\u201d.<\/span><\/p>\n<p class=\"MsoNormal\" style=\"text-align: justify;\">El pasado 15 de Diciembre tuvo lugar la entrega de los \u201cDistintivos PACTEM NORD a la Corresponsabilidad Territorial\u201d, que celebran su tercera edici\u00f3n bienal, ponen de relieve aquellas pr\u00e1cticas responsables desarrolladas en la comarca de l\u2019Horta Nord por empresas, asociaciones, entidades o cualquier otra instituci\u00f3n de car\u00e1cter p\u00fablico o privado, agradeciendo as\u00ed el esfuerzo y compromiso asumido en el territorio.<\/p>\n<p class=\"MsoNormal\" style=\"text-align: justify;\">En la categor\u00eda\u00a0 <strong>\u201cIgualdad de oportunidades entre hombres y mujeres\u201d<\/strong>, el primero de los distintivos ha sido para la empresa <strong>EDYPRO<\/strong> biotecnolog\u00eda, por su modelo de gesti\u00f3n y filosof\u00eda empresarial en torno a la igualdad de oportunidades entre mujeres y hombres y a sus pol\u00edticas de conciliaci\u00f3n.<\/p>\n<p class=\"MsoNormal\" style=\"text-align: justify;\">Adem\u00e1s, la entidad reconoci\u00f3 la labor de <strong>EDYPRO<\/strong> biotecnolog\u00eda en la categor\u00eda de Estudios e investigaciones, mediante la entrega de un diploma acreditativo.<\/p>\n<p><span style=\"text-align: justify;\">En el siguiente enlace en el cual podr\u00e1n leer la entrevista publicada recientemente por el CEEI &#8211; Centro Europeo de Empresas Innovadoras:<\/span><\/p>\n<p class=\"MsoNormal\" style=\"text-align: justify;\">http:\/\/ceeivalencia.emprenemjunts.es\/index.php?op=8&#038;n=4683<\/p>","protected":false},"excerpt":{"rendered":"<p>EDYPRO biotecnolog\u00eda ha sido galardonada por los \u201cDistintivos PACTEM NORD a la Corresponsabilidad Territorial\u201d en la categor\u00eda\u00a0\u201cIgualdad de oportunidades entre hombres y mujeres\u201d. El pasado 15 de Diciembre tuvo lugar la entrega de los \u201cDistintivos PACTEM NORD a la Corresponsabilidad Territorial\u201d, que celebran su tercera edici\u00f3n bienal, ponen de relieve aquellas pr\u00e1cticas responsables desarrolladas en [&hellip;]<\/p>\n","protected":false},"author":1,"featured_media":12371,"comment_status":"closed","ping_status":"closed","sticky":false,"template":"","format":"standard","meta":{"_acf_changed":false,"inline_featured_image":false,"footnotes":""},"categories":[56],"tags":[],"class_list":["post-1275","post","type-post","status-publish","format-standard","has-post-thumbnail","hentry","category-actualidad"],"acf":[],"_links":{"self":[{"href":"https:\/\/edyprobiotec.com\/en\/wp-json\/wp\/v2\/posts\/1275","targetHints":{"allow":["GET"]}}],"collection":[{"href":"https:\/\/edyprobiotec.com\/en\/wp-json\/wp\/v2\/posts"}],"about":[{"href":"https:\/\/edyprobiotec.com\/en\/wp-json\/wp\/v2\/types\/post"}],"author":[{"embeddable":true,"href":"https:\/\/edyprobiotec.com\/en\/wp-json\/wp\/v2\/users\/1"}],"replies":[{"embeddable":true,"href":"https:\/\/edyprobiotec.com\/en\/wp-json\/wp\/v2\/comments?post=1275"}],"version-history":[{"count":0,"href":"https:\/\/edyprobiotec.com\/en\/wp-json\/wp\/v2\/posts\/1275\/revisions"}],"wp:featuredmedia":[{"embeddable":true,"href":"https:\/\/edyprobiotec.com\/en\/wp-json\/wp\/v2\/media\/12371"}],"wp:attachment":[{"href":"https:\/\/edyprobiotec.com\/en\/wp-json\/wp\/v2\/media?parent=1275"}],"wp:term":[{"taxonomy":"category","embeddable":true,"href":"https:\/\/edyprobiotec.com\/en\/wp-json\/wp\/v2\/categories?post=1275"},{"taxonomy":"post_tag","embeddable":true,"href":"https:\/\/edyprobiotec.com\/en\/wp-json\/wp\/v2\/tags?post=1275"}],"curies":[{"name":"wp","href":"https:\/\/api.w.org\/{rel}","templated":true}]}}