{"id":1276,"date":"2011-10-10T00:00:00","date_gmt":"2011-10-10T00:00:00","guid":{"rendered":"https:\/\/www.edypro-online.com\/edypro-en-quimica-fusion\/"},"modified":"2011-10-10T00:00:00","modified_gmt":"2011-10-10T00:00:00","slug":"edypro-en-quimica-fusion","status":"publish","type":"post","link":"https:\/\/edyprobiotec.com\/en\/edypro-en-quimica-fusion\/","title":{"rendered":"EDYPRO en Qu\u00edmica Fusi\u00f3n"},"content":{"rendered":"<p><strong>EDYPRO<\/strong> biotecnolog\u00eda, como empresa referente en su sector, ha estado presente de forma activa en el evento QUIMICA FUSI\u00d3N que tuvo lugar en Valencia del 29 de Septiembre al 1 de Octubre.<\/p>\n<p>Con motivo de la conmemoraci\u00f3n del A\u00f1o 2011 como A\u00f1o Internacional de la Qu\u00edmica, QUIMACOVA (Asociaci\u00f3n Qu\u00edmica y Medioambiental del Sector Qu\u00edmico de la Comunidad Valenciana), ha organizado el evento QU\u00cdMICA FUSI\u00d3N.<\/p>\n<p>QU\u00cdMICA FUSI\u00d3N ha sido concebido para incrementar la apreciaci\u00f3n p\u00fablica de la Qu\u00edmica como herramienta fundamental para satisfacer las necesidades de la sociedad, promover el inter\u00e9s por la Qu\u00edmica entre los j\u00f3venes y generar entusiasmo por el futuro creativo e innovador de la Qu\u00edmica.<\/p>\n<p>QUIMACOVA, como nexo de uni\u00f3n entre la Industria Qu\u00edmica Valenciana y el resto de los actores implicados en el mundo qu\u00edmico pretende contribuir con este evento, QU\u00cdMICA FUSI\u00d3N, a la mejora de la competitividad de las empresas, potenciando una cultura integradora de la Investigaci\u00f3n, Desarrollo e innovaci\u00f3n aplicada, existente en todas las instituciones p\u00fablicas y privadas.<\/p>\n<p>QU\u00cdMICA FUSI\u00d3N = Fomento la cooperaci\u00f3n de todos los agentes que participan en el sector Qu\u00edmico.<\/p>\n<p><strong>EDYPRO<\/strong> biotecnolog\u00eda, como empresa referente en su sector, ha estado presente de forma activa en este evento, que tuvo lugar en Valencia del 29 de Septiembre al 1 de Octubre.<\/p>\n<p><strong>EDYPRO<\/strong> biotecnolog\u00eda, una organizaci\u00f3n referente en Investigaci\u00f3n Biotecnol\u00f3gica para la Agricultura a nivel nacional e internacional.<\/p>","protected":false},"excerpt":{"rendered":"<p>EDYPRO biotecnolog\u00eda, como empresa referente en su sector, ha estado presente de forma activa en el evento QUIMICA FUSI\u00d3N que tuvo lugar en Valencia del 29 de Septiembre al 1 de Octubre. Con motivo de la conmemoraci\u00f3n del A\u00f1o 2011 como A\u00f1o Internacional de la Qu\u00edmica, QUIMACOVA (Asociaci\u00f3n Qu\u00edmica y Medioambiental del Sector Qu\u00edmico de [&hellip;]<\/p>\n","protected":false},"author":1,"featured_media":12372,"comment_status":"closed","ping_status":"closed","sticky":false,"template":"","format":"standard","meta":{"_acf_changed":false,"inline_featured_image":false,"footnotes":""},"categories":[56],"tags":[],"class_list":["post-1276","post","type-post","status-publish","format-standard","has-post-thumbnail","hentry","category-actualidad"],"acf":[],"_links":{"self":[{"href":"https:\/\/edyprobiotec.com\/en\/wp-json\/wp\/v2\/posts\/1276","targetHints":{"allow":["GET"]}}],"collection":[{"href":"https:\/\/edyprobiotec.com\/en\/wp-json\/wp\/v2\/posts"}],"about":[{"href":"https:\/\/edyprobiotec.com\/en\/wp-json\/wp\/v2\/types\/post"}],"author":[{"embeddable":true,"href":"https:\/\/edyprobiotec.com\/en\/wp-json\/wp\/v2\/users\/1"}],"replies":[{"embeddable":true,"href":"https:\/\/edyprobiotec.com\/en\/wp-json\/wp\/v2\/comments?post=1276"}],"version-history":[{"count":0,"href":"https:\/\/edyprobiotec.com\/en\/wp-json\/wp\/v2\/posts\/1276\/revisions"}],"wp:featuredmedia":[{"embeddable":true,"href":"https:\/\/edyprobiotec.com\/en\/wp-json\/wp\/v2\/media\/12372"}],"wp:attachment":[{"href":"https:\/\/edyprobiotec.com\/en\/wp-json\/wp\/v2\/media?parent=1276"}],"wp:term":[{"taxonomy":"category","embeddable":true,"href":"https:\/\/edyprobiotec.com\/en\/wp-json\/wp\/v2\/categories?post=1276"},{"taxonomy":"post_tag","embeddable":true,"href":"https:\/\/edyprobiotec.com\/en\/wp-json\/wp\/v2\/tags?post=1276"}],"curies":[{"name":"wp","href":"https:\/\/api.w.org\/{rel}","templated":true}]}}