{"id":1278,"date":"2011-07-02T00:00:00","date_gmt":"2011-07-02T00:00:00","guid":{"rendered":"https:\/\/www.edypro-online.com\/edypro-finalista-del-premio-innovaq-2011\/"},"modified":"2011-07-02T00:00:00","modified_gmt":"2011-07-02T00:00:00","slug":"edypro-finalista-del-premio-innovaq-2011","status":"publish","type":"post","link":"https:\/\/edyprobiotec.com\/en\/edypro-finalista-del-premio-innovaq-2011\/","title":{"rendered":"EDYPRO finalista del Premio InnovaQ 2011"},"content":{"rendered":"<p><strong>EDYPRO<\/strong> queda Finalista del premio InnovaQ, por nuestro car\u00e1cter innovador y nuestro impulso de la sostenibilidad, as\u00ed como por nuestro elevado potencial de impacto en el mercado y en la mejora de la competitividad de la empresa.<\/p>\n<div>\n<div>La Federaci\u00f3n Empresarial de la Industria Qu\u00edmica Espa\u00f1ola (FEIQUE), representante de un sector que genera el 10% del PIB Industrial y lidera la inversi\u00f3n en I+D+i en Espa\u00f1a, pone en marcha junto a la escuela de negocios IESE y la consultora de Ingenier\u00eda y Arquitectura IMPULSO, la primera convocatoria del <strong>Premio InnovaQ<\/strong> A LA INNOVACI\u00d3N EMPRESARIAL EN EL SECTOR QU\u00cdMICO Y CIENCIAS DE LA VIDA. Este galard\u00f3n tiene por objeto reconocer el mejor proyecto innovador desarrollado por una peque\u00f1a o mediana empresa de la industria qu\u00edmica o del sector de ciencias de la vida.<\/div>\n<div>El jurado, compuesto por destacados miembros del \u00e1mbito pol\u00edtico, cient\u00edfico, acad\u00e9mico y empresarial espa\u00f1ol de reconocido prestigio valora <a href=\"https:\/\/edyprobiotec.com\/en\/product\/biotecnologia-de-precision\/edyfruit-arroz\/\"><strong>EDYFRUIT RICE<\/strong><\/a> como un proyecto:<\/div>\n<ul>\n<li>Por su aportaci\u00f3n en la rentabilidad econ\u00f3mica al productor de arroz.<\/li>\n<li>Enmarcado en una cultura emprendedora que propicia la generaci\u00f3n de pr\u00e1cticas innovadoras y sostenibles en productos, procesos, servicios y modelos de gesti\u00f3n.<\/li>\n<li>Con car\u00e1cter innovador y original para aportar nuevas soluciones.<\/li>\n<li>Con repercusi\u00f3n en aspectos econ\u00f3micos, ambientales y sociales.<\/li>\n<\/ul>\n<div><strong>EDYPRO biotecnolog\u00eda<\/strong>, una organizaci\u00f3n referente en Investigaci\u00f3n Biotecnol\u00f3gica para la Agricultura a nivel nacional e internacional.<\/div>\n<\/div>","protected":false},"excerpt":{"rendered":"<p>EDYPRO queda Finalista del premio InnovaQ, por nuestro car\u00e1cter innovador y nuestro impulso de la sostenibilidad, as\u00ed como por nuestro elevado potencial de impacto en el mercado y en la mejora de la competitividad de la empresa. La Federaci\u00f3n Empresarial de la Industria Qu\u00edmica Espa\u00f1ola (FEIQUE), representante de un sector que genera el 10% del [&hellip;]<\/p>\n","protected":false},"author":1,"featured_media":12374,"comment_status":"closed","ping_status":"closed","sticky":false,"template":"","format":"standard","meta":{"_acf_changed":false,"inline_featured_image":false,"footnotes":""},"categories":[56],"tags":[],"class_list":["post-1278","post","type-post","status-publish","format-standard","has-post-thumbnail","hentry","category-actualidad"],"acf":[],"_links":{"self":[{"href":"https:\/\/edyprobiotec.com\/en\/wp-json\/wp\/v2\/posts\/1278","targetHints":{"allow":["GET"]}}],"collection":[{"href":"https:\/\/edyprobiotec.com\/en\/wp-json\/wp\/v2\/posts"}],"about":[{"href":"https:\/\/edyprobiotec.com\/en\/wp-json\/wp\/v2\/types\/post"}],"author":[{"embeddable":true,"href":"https:\/\/edyprobiotec.com\/en\/wp-json\/wp\/v2\/users\/1"}],"replies":[{"embeddable":true,"href":"https:\/\/edyprobiotec.com\/en\/wp-json\/wp\/v2\/comments?post=1278"}],"version-history":[{"count":0,"href":"https:\/\/edyprobiotec.com\/en\/wp-json\/wp\/v2\/posts\/1278\/revisions"}],"wp:featuredmedia":[{"embeddable":true,"href":"https:\/\/edyprobiotec.com\/en\/wp-json\/wp\/v2\/media\/12374"}],"wp:attachment":[{"href":"https:\/\/edyprobiotec.com\/en\/wp-json\/wp\/v2\/media?parent=1278"}],"wp:term":[{"taxonomy":"category","embeddable":true,"href":"https:\/\/edyprobiotec.com\/en\/wp-json\/wp\/v2\/categories?post=1278"},{"taxonomy":"post_tag","embeddable":true,"href":"https:\/\/edyprobiotec.com\/en\/wp-json\/wp\/v2\/tags?post=1278"}],"curies":[{"name":"wp","href":"https:\/\/api.w.org\/{rel}","templated":true}]}}