{"id":1283,"date":"2015-06-17T00:00:00","date_gmt":"2015-06-17T00:00:00","guid":{"rendered":"https:\/\/www.edypro-online.com\/biotecnologia-para-cultivo-de-aguacates\/"},"modified":"2015-06-17T00:00:00","modified_gmt":"2015-06-17T00:00:00","slug":"biotecnologia-para-cultivo-de-aguacates","status":"publish","type":"post","link":"https:\/\/edyprobiotec.com\/en\/biotecnologia-para-cultivo-de-aguacates\/","title":{"rendered":"BIOTECNOLOG\u00cdA PARA CULTIVO DE AGUACATES"},"content":{"rendered":"<p style=\"text-align: justify;\">El aguacate es un cultivo de gran inter\u00e9s en la agricultura espa\u00f1ola y europea, que es el principal mercado de la producci\u00f3n de esta fruta tropical espa\u00f1ola, cuyo cultivo se concentra fundamentalmente en las provincias de M\u00e1laga y Granada.<\/p>\n<p style=\"text-align: justify;\">EDYPRO, mediante nuestros productos de biotecnolog\u00eda, actuamos para incrementar la producci\u00f3n en este cultivo subtropical, que desde hace algunos a\u00f1os se est\u00e1 manejando con t\u00e9cnicas adecuadas para este cultivo.<\/p>\n<p style=\"text-align: justify;\">Una de las fincas en las que hemos aplicado nuestros tratamientos para aguacates est\u00e1 situada en la provincia de M\u00e1laga, en una de las zonas de mayor producci\u00f3n (aproximadamente 13 toneladas por hect\u00e1rea).<\/p>\n<p style=\"text-align: justify;\">Desde el mes de Abril hasta Junio, se han aplicado diferentes dosis de los productos:<\/p>\n<p style=\"text-align: justify; padding-left: 30px;\">&#8211; ALGATRON<\/p>\n<p style=\"text-align: justify; padding-left: 30px;\">&#8211; AMINOPLUS<\/p>\n<p style=\"text-align: justify; padding-left: 30px;\">&#8211; ZIMA-L<\/p>\n<p style=\"text-align: justify; padding-left: 30px;\">&#8211; EDYMAG<\/p>\n<p style=\"text-align: justify; padding-left: 30px;\">&#8211; MELASTOP<\/p>\n<p style=\"text-align: justify; padding-left: 30px;\">&#8211; PROCUAJE FOLIAR<\/p>\n<p style=\"text-align: justify;\">En nuestra p\u00e1gina de Blogger pueden observar los resultados obtenidos en el cultivo de aguacate.<\/p>\n<p style=\"text-align: justify;\"><a href=\"http:\/\/edyprobiotecnologia.blogspot.com.es\/\"><span style=\"color: #0000ff;\">http:\/\/edyprobiotecnologia.blogspot.com.es\/<\/span><\/a><\/p>","protected":false},"excerpt":{"rendered":"<p>El aguacate es un cultivo de gran inter\u00e9s en la agricultura espa\u00f1ola y europea, que es el principal mercado de la producci\u00f3n de esta fruta tropical espa\u00f1ola, cuyo cultivo se concentra fundamentalmente en las provincias de M\u00e1laga y Granada. EDYPRO, mediante nuestros productos de biotecnolog\u00eda, actuamos para incrementar la producci\u00f3n en este cultivo subtropical, que [&hellip;]<\/p>\n","protected":false},"author":1,"featured_media":12493,"comment_status":"closed","ping_status":"closed","sticky":false,"template":"","format":"standard","meta":{"_acf_changed":false,"inline_featured_image":false,"footnotes":""},"categories":[56],"tags":[],"class_list":["post-1283","post","type-post","status-publish","format-standard","has-post-thumbnail","hentry","category-actualidad"],"acf":[],"_links":{"self":[{"href":"https:\/\/edyprobiotec.com\/en\/wp-json\/wp\/v2\/posts\/1283","targetHints":{"allow":["GET"]}}],"collection":[{"href":"https:\/\/edyprobiotec.com\/en\/wp-json\/wp\/v2\/posts"}],"about":[{"href":"https:\/\/edyprobiotec.com\/en\/wp-json\/wp\/v2\/types\/post"}],"author":[{"embeddable":true,"href":"https:\/\/edyprobiotec.com\/en\/wp-json\/wp\/v2\/users\/1"}],"replies":[{"embeddable":true,"href":"https:\/\/edyprobiotec.com\/en\/wp-json\/wp\/v2\/comments?post=1283"}],"version-history":[{"count":0,"href":"https:\/\/edyprobiotec.com\/en\/wp-json\/wp\/v2\/posts\/1283\/revisions"}],"wp:featuredmedia":[{"embeddable":true,"href":"https:\/\/edyprobiotec.com\/en\/wp-json\/wp\/v2\/media\/12493"}],"wp:attachment":[{"href":"https:\/\/edyprobiotec.com\/en\/wp-json\/wp\/v2\/media?parent=1283"}],"wp:term":[{"taxonomy":"category","embeddable":true,"href":"https:\/\/edyprobiotec.com\/en\/wp-json\/wp\/v2\/categories?post=1283"},{"taxonomy":"post_tag","embeddable":true,"href":"https:\/\/edyprobiotec.com\/en\/wp-json\/wp\/v2\/tags?post=1283"}],"curies":[{"name":"wp","href":"https:\/\/api.w.org\/{rel}","templated":true}]}}