{"id":13347,"date":"2019-02-11T00:00:00","date_gmt":"2019-02-11T00:00:00","guid":{"rendered":"https:\/\/www.edypro-online.com\/edypro-presentara-sus-soluciones-biotecnologicas-para-los-cultivos-de-arroz-en-fiera-in-campo-2019\/"},"modified":"2019-02-11T00:00:00","modified_gmt":"2019-02-11T00:00:00","slug":"edypro-presentara-sus-soluciones-biotecnologicas-para-los-cultivos-de-arroz-en-fiera-in-campo-2019","status":"publish","type":"post","link":"https:\/\/edyprobiotec.com\/en\/edypro-presentara-sus-soluciones-biotecnologicas-para-los-cultivos-de-arroz-en-fiera-in-campo-2019\/","title":{"rendered":"EDYPRO presentar\u00e1 sus soluciones biotecnol\u00f3gicas para los cultivos de arroz en Fiera in Campo 2019"},"content":{"rendered":"<p>EDYPRO Biotecnolog\u00eda presentar\u00e1 sus <strong>soluciones biotecnol\u00f3gicas para el cultivo de arroz en la Fiera in Campo 2019<\/strong> que se celebra en Vercelli (Italia). El certamen, que tendr\u00e1 lugar del 22 al 24 de febrero, se desarrollar\u00e1 en Vercelli, la capital arrocera del pa\u00eds, y se ha convertido en el evento de referencia para el sector.<\/p>\n<p>La compa\u00f1\u00eda valenciana <strong>lleva varios a\u00f1os trabajando en el mercado italiano<\/strong> y aprovechar\u00e1 su presencia en la feria <strong>para dar a conocer sus productos espec\u00edficos para los cultivos de arroz y soja<\/strong>: <span style=\"color: #800080;\"><a style=\"color: #800080;\" href=\"\/en\/productos-fertilizantes-biotecnologicos\/biotecnologia-en-valencia\/coupe-regeneracion-plus---recupera-tu-tierra\/\">COUP\u00c9 REGENERACI\u00d3N Plus<\/a><\/span>, <span style=\"color: #800080;\"><a style=\"color: #800080;\" href=\"\/en\/productos-fertilizantes-biotecnologicos\/tratamiento-semillas\/root-rice-\/\">ROOT RICE<\/a><\/span>, <span style=\"color: #800080;\"><a style=\"color: #800080;\" href=\"\/en\/productos-fertilizantes-biotecnologicos\/biotecnologia-en-valencia\/edyfruit-arroz-\/\">EDYFRUIT RICE<\/a><\/span>, <span style=\"color: #800080;\"><a style=\"color: #800080;\" href=\"\/en\/productos-fertilizantes-biotecnologicos\/estimulantes\/estimulantes-fructificacion\/soja-cuaje\/\">SOJA CUAJE <\/a><\/span>y <span style=\"color: #800080;\"><a style=\"color: #800080;\" href=\"\/en\/productos-fertilizantes-biotecnologicos\/estimulantes\/estimulantes-engorde\/soja-engorde\/\">SOJA ENGORDE<\/a><\/span>. Tambi\u00e9n <strong>compartir\u00e1 los resultados que est\u00e1 obteniendo sobre el terreno<\/strong>, a trav\u00e9s de las experiencias de agricultores que ya est\u00e1n trabajando con ellos.<\/p>\n<p>Es la primera vez que EDYPRO participa en este evento en Italia, aunque hasta ahora ven\u00eda celebrando jornadas o demostraciones en campo a trav\u00e9s de colaboradores locales. Actualmente, <strong>la firma distribuye en el pa\u00eds productos para el cultivo de arroz, soja, trigo, tomate y cebolla<\/strong>.<\/p>\n<p>El mercado italiano tiene un gran inter\u00e9s para EDYPRO debido al potencial agr\u00edcola que posee. Se trata del mayor productor de arroz en el continente europeo y valora mucho la calidad en los cultivos. Como explica <strong>Arina Vovk, responsable de exportaci\u00f3n de EDYPRO<\/strong>, \u201c<em>los productores italianos que ya trabajan con nuestros productos tienen una <strong>alta valoraci\u00f3n de los resultados que ofrece nuestra biotecnolog\u00eda<\/strong>, por lo que esperamos que este evento nos sirva para darnos m\u00e1s a conocer y ampliar nuestra cartera de clientes y de distribuidores<\/em>\u201d.<\/p>\n<p><strong>About EDYPRO<\/strong><\/p>\n<p>EDYPRO fue fundada en 1996 por Vicente Puchol en Foios (Valencia). La empresa se dedica al estudio, desarrollo y producci\u00f3n de fertilizantes biotecnol\u00f3gicos de elevado rendimiento agron\u00f3mico para la agricultura de futuro.<\/p>\n<p>Actualmente la firma cuenta con dos laboratorios, dos f\u00e1bricas y tres campos experimentales y tiene presencia en el mercado nacional, as\u00ed como en Portugal, Francia e Italia.<\/p>","protected":false},"excerpt":{"rendered":"<p>EDYPRO Biotecnolog\u00eda presentar\u00e1 sus soluciones biotecnol\u00f3gicas para el cultivo de arroz en la Fiera in Campo 2019 que se celebra en Vercelli (Italia). El certamen, que tendr\u00e1 lugar del 22 al 24 de febrero, se desarrollar\u00e1 en Vercelli, la capital arrocera del pa\u00eds, y se ha convertido en el evento de referencia para el sector. [&hellip;]<\/p>\n","protected":false},"author":1,"featured_media":12538,"comment_status":"closed","ping_status":"closed","sticky":false,"template":"","format":"standard","meta":{"_acf_changed":false,"inline_featured_image":false,"footnotes":""},"categories":[56],"tags":[],"class_list":["post-13347","post","type-post","status-publish","format-standard","has-post-thumbnail","hentry","category-actualidad"],"acf":[],"_links":{"self":[{"href":"https:\/\/edyprobiotec.com\/en\/wp-json\/wp\/v2\/posts\/13347","targetHints":{"allow":["GET"]}}],"collection":[{"href":"https:\/\/edyprobiotec.com\/en\/wp-json\/wp\/v2\/posts"}],"about":[{"href":"https:\/\/edyprobiotec.com\/en\/wp-json\/wp\/v2\/types\/post"}],"author":[{"embeddable":true,"href":"https:\/\/edyprobiotec.com\/en\/wp-json\/wp\/v2\/users\/1"}],"replies":[{"embeddable":true,"href":"https:\/\/edyprobiotec.com\/en\/wp-json\/wp\/v2\/comments?post=13347"}],"version-history":[{"count":0,"href":"https:\/\/edyprobiotec.com\/en\/wp-json\/wp\/v2\/posts\/13347\/revisions"}],"wp:featuredmedia":[{"embeddable":true,"href":"https:\/\/edyprobiotec.com\/en\/wp-json\/wp\/v2\/media\/12538"}],"wp:attachment":[{"href":"https:\/\/edyprobiotec.com\/en\/wp-json\/wp\/v2\/media?parent=13347"}],"wp:term":[{"taxonomy":"category","embeddable":true,"href":"https:\/\/edyprobiotec.com\/en\/wp-json\/wp\/v2\/categories?post=13347"},{"taxonomy":"post_tag","embeddable":true,"href":"https:\/\/edyprobiotec.com\/en\/wp-json\/wp\/v2\/tags?post=13347"}],"curies":[{"name":"wp","href":"https:\/\/api.w.org\/{rel}","templated":true}]}}