{"id":13348,"date":"2019-02-15T00:00:00","date_gmt":"2019-02-15T00:00:00","guid":{"rendered":"https:\/\/www.edypro-online.com\/edypro-presenta-sus-soluciones-biotecnologicas-para-el-cultivo-de-arroz-en-la-xv-jornada-tecnica-del-irta\/"},"modified":"2019-02-15T00:00:00","modified_gmt":"2019-02-15T00:00:00","slug":"edypro-presenta-sus-soluciones-biotecnologicas-para-el-cultivo-de-arroz-en-la-xv-jornada-tecnica-del-irta","status":"publish","type":"post","link":"https:\/\/edyprobiotec.com\/en\/edypro-presenta-sus-soluciones-biotecnologicas-para-el-cultivo-de-arroz-en-la-xv-jornada-tecnica-del-irta\/","title":{"rendered":"EDYPRO presenta sus soluciones biotecnol\u00f3gicas para el cultivo de arroz en la XV Jornada t\u00e9cnica del IRTA"},"content":{"rendered":"<p style=\"text-align: justify;\">La firma valenciana expuso c\u00f3mo el uso de la biotecnolog\u00eda puede mejorar la fertilidad en suelos salinos<\/p>\n<p style=\"text-align: justify;\"><strong>EDYPRO<\/strong> particip\u00f3 el pasado 12 de febrero en la XV Jornada T\u00e9cnica del Arroz, organizada por el Institut de Recerca i Tecnologies Agroaliment\u00e0ries (IRTA). Se trata de un evento de referencia para el sector que sirve como punto de encuentro para t\u00e9cnicos y arroceros y ofrece los resultados m\u00e1s relevantes de los desarrollos tecnol\u00f3gicos llevados a cabo durante las \u00faltimas campa\u00f1as.<\/p>\n<p style=\"text-align: justify;\">El tema que <strong>EDYPRO<\/strong> expuso en la jornada fue la mejora de la fertilidad en suelos salinos gracias al uso de la biotecnolog\u00eda. La compa\u00f1\u00eda apoy\u00f3 su ponencia con im\u00e1genes y datos de los resultados obtenidos en campo.<\/p>\n<p style=\"text-align: justify;\">Las tierras salinas, presentes en Europa en la costa Mediterr\u00e1nea de Francia, en el valle del Ebro en Espa\u00f1a y en el delta del Tajo en Portugal, ocasionan diversos problemas en el cultivo de cereales. Los suelos salinos ofrecen dificultades para la germinaci\u00f3n e instauraci\u00f3n de las plantas, pueden provocar la muerte prematura de estas y la p\u00e9rdida del sistema radicular, impidiendo la asimilaci\u00f3n de los fertilizantes.<\/p>\n<p style=\"text-align: justify;\">La aplicaci\u00f3n al cultivo de arroz de\u00a0<strong><span style=\"color: #800080;\"><a style=\"color: #800080;\" href=\"\/en\/productos-fertilizantes-biotecnologicos\/biotecnologia-en-valencia\/coupe-regeneracion-plus---recupera-tu-tierra\/\"><span style=\"color: #000080;\">COUP\u00c9 REGENERACI\u00d3N<\/span> <span style=\"color: #ff0000;\">Plus<\/span><\/a><\/span><\/strong> desplaza el ion sodio del suelo, generando un horizonte de suelo \u00f3ptimo para la germinaci\u00f3n y enraizado de las plantas. Adem\u00e1s, su uso sustituye el Abonado de Fondo, logrando una bajada de la salinidad. La conductividad el\u00e9ctrica (CE) del suelo est\u00e1 determinada por la concentraci\u00f3n de sales existentes en el complejo arcillo-h\u00famico, provenientes del sodio acumulado por capilaridad y por los fertilizantes aportados que han pasado a forma primaria. <strong><span style=\"color: #800080;\"><a style=\"color: #800080;\" href=\"\/en\/productos-fertilizantes-biotecnologicos\/biotecnologia-en-valencia\/coupe-regeneracion-plus---recupera-tu-tierra\/\"><span style=\"color: #000080;\">COUP\u00c9 REGENERACI\u00d3N<\/span>\u00a0<span style=\"color: #ff0000;\">Plus<\/span><\/a><\/span><\/strong>\u00a0transforma estos iones a forma asimilable, dotando el cultivo de suficientes unidades fertilizantes en el primer estadio de desarrollo.<\/p>\n<p style=\"text-align: justify;\">Asimismo, <strong><span style=\"color: #800080;\"><a style=\"color: #800080;\" href=\"\/en\/productos-fertilizantes-biotecnologicos\/biotecnologia-en-valencia\/coupe-regeneracion-plus---recupera-tu-tierra\/\"><span style=\"color: #000080;\">COUP\u00c9 REGENERACI\u00d3N<\/span>\u00a0<span style=\"color: #ff0000;\">Plus<\/span><\/a><\/span><\/strong>\u00a0garantiza una \u00f3ptima relaci\u00f3n Carbono\/Nitr\u00f3geno (C\/N), cuyo equilibrio supone el potencial productivo del suelo en el cultivo de cereales. Tambi\u00e9n incrementa el intercambio cati\u00f3nico, poniendo a disposici\u00f3n de la planta los nutrientes del suelo y aprovechando con m\u00e1s eficiencia los fertilizantes empleados.<\/p>\n<p style=\"text-align: justify;\">Como conclusi\u00f3n, <strong>EDYPRO<\/strong> explic\u00f3 que el uso de este producto biotecnol\u00f3gico incrementa el potencial productivo de la tierra y prolonga el ciclo de vida de la planta, especialmente en la fase final, facilitando que las espigas est\u00e9n llenas y reduciendo el porcentaje de granos vac\u00edos.<\/p>","protected":false},"excerpt":{"rendered":"<p>La firma valenciana expuso c\u00f3mo el uso de la biotecnolog\u00eda puede mejorar la fertilidad en suelos salinos EDYPRO particip\u00f3 el pasado 12 de febrero en la XV Jornada T\u00e9cnica del Arroz, organizada por el Institut de Recerca i Tecnologies Agroaliment\u00e0ries (IRTA). Se trata de un evento de referencia para el sector que sirve como punto [&hellip;]<\/p>\n","protected":false},"author":1,"featured_media":12539,"comment_status":"closed","ping_status":"closed","sticky":false,"template":"","format":"standard","meta":{"_acf_changed":false,"inline_featured_image":false,"footnotes":""},"categories":[56],"tags":[],"class_list":["post-13348","post","type-post","status-publish","format-standard","has-post-thumbnail","hentry","category-actualidad"],"acf":[],"_links":{"self":[{"href":"https:\/\/edyprobiotec.com\/en\/wp-json\/wp\/v2\/posts\/13348","targetHints":{"allow":["GET"]}}],"collection":[{"href":"https:\/\/edyprobiotec.com\/en\/wp-json\/wp\/v2\/posts"}],"about":[{"href":"https:\/\/edyprobiotec.com\/en\/wp-json\/wp\/v2\/types\/post"}],"author":[{"embeddable":true,"href":"https:\/\/edyprobiotec.com\/en\/wp-json\/wp\/v2\/users\/1"}],"replies":[{"embeddable":true,"href":"https:\/\/edyprobiotec.com\/en\/wp-json\/wp\/v2\/comments?post=13348"}],"version-history":[{"count":0,"href":"https:\/\/edyprobiotec.com\/en\/wp-json\/wp\/v2\/posts\/13348\/revisions"}],"wp:featuredmedia":[{"embeddable":true,"href":"https:\/\/edyprobiotec.com\/en\/wp-json\/wp\/v2\/media\/12539"}],"wp:attachment":[{"href":"https:\/\/edyprobiotec.com\/en\/wp-json\/wp\/v2\/media?parent=13348"}],"wp:term":[{"taxonomy":"category","embeddable":true,"href":"https:\/\/edyprobiotec.com\/en\/wp-json\/wp\/v2\/categories?post=13348"},{"taxonomy":"post_tag","embeddable":true,"href":"https:\/\/edyprobiotec.com\/en\/wp-json\/wp\/v2\/tags?post=13348"}],"curies":[{"name":"wp","href":"https:\/\/api.w.org\/{rel}","templated":true}]}}