{"id":13349,"date":"2019-02-25T00:00:00","date_gmt":"2019-02-25T00:00:00","guid":{"rendered":"https:\/\/www.edypro-online.com\/jornada-tecnica-sobre-produccion-de-citricos-de-calidad-premium\/"},"modified":"2019-02-25T00:00:00","modified_gmt":"2019-02-25T00:00:00","slug":"jornada-tecnica-sobre-produccion-de-citricos-de-calidad-premium","status":"publish","type":"post","link":"https:\/\/edyprobiotec.com\/en\/jornada-tecnica-sobre-produccion-de-citricos-de-calidad-premium\/","title":{"rendered":"Jornada t\u00e9cnica sobre producci\u00f3n de C\u00edtricos de Calidad Premium"},"content":{"rendered":"<p><strong>EDYPRO<\/strong> organiz\u00f3 el pasado 18 de febrero una jornada t\u00e9cnica sobre producci\u00f3n de C\u00edtricos de Calidad Premium para distribuidores y agricultores. El objetivo del evento era mostrar las soluciones biotecnol\u00f3gicas investigadas y desarrolladas por <strong>EDYPRO<\/strong> para abordar las dificultades productivas que tienen algunas variedades por sus caracter\u00edsticas gen\u00e9ticas.<\/p>\n<p>M\u00e1s de 40 personas, entre los que tambi\u00e9n se encontraban algunos medios de comunicaci\u00f3n del \u00e1rea de Levante, acudieron al encuentro que tuvo lugar en las instalaciones de Florazar Hotel by Flagworld Hotels. Arina Vovk, responsable de Marketing y Exportaci\u00f3n de la compa\u00f1\u00eda, fue la encargada de dar la bienvenida a los asistentes e introducir la jornada.<\/p>\n<p>Las \u00faltimas tendencias en el sector citr\u00edcola apuntan a un aumento de la cuota de mercado de variedades tempranas y tard\u00edas que presentan, por su carga gen\u00e9tica, dificultades productivas. Vicente Puchol centr\u00f3 su ponencia en dos variedades: Orri y Tango.<\/p>\n<p>El gerente y director t\u00e9cnico de <strong>EDYPRO<\/strong> explic\u00f3 las causas cient\u00edficas por los que la variedad Orri no cuenta con una producci\u00f3n abultada. Se trata de una mutaci\u00f3n obtenida en Israel a partir de la irradiaci\u00f3n de yemas del hibrido Orah. Es un \u00e1rbol muy vigoroso con importante depresi\u00f3n invernal de reservas, que como respuesta provoca floraci\u00f3n ciega y polen poco f\u00e9rtil.<\/p>\n<p>Uno de los motivos de la poca producci\u00f3n es debido a una falta de control de la floraci\u00f3n y al retraso de esta. Puchol expuso como a trav\u00e9s de los productos biotecnol\u00f3gicos y a un correcto manejo del cultivo, estos problemas pueden corregirse y obtener una buena cantidad de frutos, de buen tama\u00f1o y calidad y manteniendo el suelo de cultivo en \u00f3ptimas condiciones.<\/p>\n<p>Por su parte, la variedad Tango que proviene de la irradiaci\u00f3n de Nadorcott, presenta un problema de falta de calibre. El origen gen\u00e9tico de la variedad propicia unos \u00e1rboles de estructura erecta con gran capacidad de generar metabolitos y frutos con un ped\u00fanculo receptor, muy predispuesto. Esta situaci\u00f3n hace que la variedad tenga un exceso de n\u00famero de frutos lo que, sumado al factor de ausencia de semillas por ser frutos partenoca?rpicos, da como consecuencia un ralentizado del engrose en la primera fase. A trav\u00e9s de las soluciones biotecnol\u00f3gicas de <strong>EDYPRO<\/strong> estos problemas se solventan dando como resultado frutos de buen calibre que, adem\u00e1s, cuentan con unas magn\u00edficas condiciones organol\u00e9pticas y de calidad.<\/p>\n<p>Los t\u00e9cnicos provenientes de las importantes empresas productoras del sector pudieron vibrar al conocer c\u00f3mo los investigadores valencianos especialistas en biotecnolog\u00eda trabajan para encontrar el origen de la causa de diversas dificultades y desarrollan las soluciones para obtener Producci\u00f3n de Calidad Premium y Sin Residuos.<\/p>","protected":false},"excerpt":{"rendered":"<p>EDYPRO organiz\u00f3 el pasado 18 de febrero una jornada t\u00e9cnica sobre producci\u00f3n de C\u00edtricos de Calidad Premium para distribuidores y agricultores. El objetivo del evento era mostrar las soluciones biotecnol\u00f3gicas investigadas y desarrolladas por EDYPRO para abordar las dificultades productivas que tienen algunas variedades por sus caracter\u00edsticas gen\u00e9ticas. M\u00e1s de 40 personas, entre los que [&hellip;]<\/p>\n","protected":false},"author":1,"featured_media":12540,"comment_status":"closed","ping_status":"closed","sticky":false,"template":"","format":"standard","meta":{"_acf_changed":false,"inline_featured_image":false,"footnotes":""},"categories":[56],"tags":[],"class_list":["post-13349","post","type-post","status-publish","format-standard","has-post-thumbnail","hentry","category-actualidad"],"acf":[],"_links":{"self":[{"href":"https:\/\/edyprobiotec.com\/en\/wp-json\/wp\/v2\/posts\/13349","targetHints":{"allow":["GET"]}}],"collection":[{"href":"https:\/\/edyprobiotec.com\/en\/wp-json\/wp\/v2\/posts"}],"about":[{"href":"https:\/\/edyprobiotec.com\/en\/wp-json\/wp\/v2\/types\/post"}],"author":[{"embeddable":true,"href":"https:\/\/edyprobiotec.com\/en\/wp-json\/wp\/v2\/users\/1"}],"replies":[{"embeddable":true,"href":"https:\/\/edyprobiotec.com\/en\/wp-json\/wp\/v2\/comments?post=13349"}],"version-history":[{"count":0,"href":"https:\/\/edyprobiotec.com\/en\/wp-json\/wp\/v2\/posts\/13349\/revisions"}],"wp:featuredmedia":[{"embeddable":true,"href":"https:\/\/edyprobiotec.com\/en\/wp-json\/wp\/v2\/media\/12540"}],"wp:attachment":[{"href":"https:\/\/edyprobiotec.com\/en\/wp-json\/wp\/v2\/media?parent=13349"}],"wp:term":[{"taxonomy":"category","embeddable":true,"href":"https:\/\/edyprobiotec.com\/en\/wp-json\/wp\/v2\/categories?post=13349"},{"taxonomy":"post_tag","embeddable":true,"href":"https:\/\/edyprobiotec.com\/en\/wp-json\/wp\/v2\/tags?post=13349"}],"curies":[{"name":"wp","href":"https:\/\/api.w.org\/{rel}","templated":true}]}}