{"id":13350,"date":"2019-12-13T00:00:00","date_gmt":"2019-12-13T00:00:00","guid":{"rendered":"https:\/\/www.edypro-online.com\/edypro-destaca-como-ejemplo-de-bioeconomia-en-el-foro-focus-pyme-y-emprendimiento\/"},"modified":"2019-12-13T00:00:00","modified_gmt":"2019-12-13T00:00:00","slug":"edypro-destaca-como-ejemplo-de-bioeconomia-en-el-foro-focus-pyme-y-emprendimiento","status":"publish","type":"post","link":"https:\/\/edyprobiotec.com\/en\/edypro-destaca-como-ejemplo-de-bioeconomia-en-el-foro-focus-pyme-y-emprendimiento\/","title":{"rendered":"EDYPRO destaca como ejemplo de bioeconom\u00eda en el foro Focus Pyme y Emprendimiento"},"content":{"rendered":"<p><strong>EDYPRO,<\/strong> compa\u00f1\u00eda de estudio, desarrollo y producci\u00f3n de fertilizantes biotecnol\u00f3gicos, ha sido destacada como ejemplo de bioeconom\u00eda en el Foro Focus Pyme y Emprendimiento que estos d\u00edas se ha celebrado en la ciudad de Valencia, centrado en el an\u00e1lisis del presente y futuro de este sector.<\/p>\n<p>La <strong>bioeconom\u00eda<\/strong>, en la que ya trabajan 17 millones de europeos, es definida por la Uni\u00f3n Europea como la <strong>producci\u00f3n de recursos biotecnol\u00f3gicos renovables y la conversi\u00f3n de estos recursos y flujos de residuos en productos de valor a\u00f1adido<\/strong>, tales como alimentos, piensos, productos de base biotecnol\u00f3gica y bioenerg\u00eda.<\/p>\n<p>Este tipo de econom\u00eda <strong>cuenta con tres elementos<\/strong>. En primer lugar, conocimientos avanzados en gen\u00e9tica y procesos celulares para dise\u00f1ar y desarrollar nuevos procesos y productos. En segundo lugar, el uso de biomasa renovable y bioprocesos eficientes para estimular la producci\u00f3n sostenible.<\/p>\n<p><img fetchpriority=\"high\" decoding=\"async\" style=\"display: block; margin-left: auto; margin-right: auto;\" src=\"\/images\/Blog\/Bioeconomia\/Foto1_web.jpg\" alt=\"\" width=\"688\" height=\"423\" \/><\/p>\n<p>Y en tercer lugar, la integraci\u00f3n de los conocimientos y aplicaciones de la biotecnolog\u00eda en una amplia gama de sectores, donde se encuentra <strong>EDYPRO.<\/strong><\/p>\n<p>El acto ha contado con entidades de innovaci\u00f3n, tecnolog\u00eda y biotecnolog\u00eda <strong>como <a href=\"https:\/\/www.redit.es\/\">Redit<\/a><\/strong> (Red de Institutos Tecnol\u00f3gicos de la Comunitat Valenciana) y <a href=\"http:\/\/www.bioval.org\/\"><strong>Bioval<\/strong><\/a> (Asociaci\u00f3n de Empresas y Entidades del sector Bio de la Comunitat Valenciana).<\/p>\n<p>En \u00e9l, el <strong>gerente y director t\u00e9cnico de EDYPRO, Vicente Puchol<\/strong>, explic\u00f3 c\u00f3mo, ante la actual situaci\u00f3n de la agricultura, con el aumento de la poblaci\u00f3n mundial, o la previsi\u00f3n de la reducci\u00f3n de la superficie agr\u00edcola en Europa, en un 1,1% hasta 2030, seg\u00fan la CE, el Cambio Clim\u00e1tico, la competici\u00f3n por recursos naturales y la creciente demanda de alimentos de alto valor nutricional y organol\u00e9ptico, ecol\u00f3gico o sin residuos, <em>\u201cexisten una serie de oportunidades y retos para las empresas de I+D en biotecnolog\u00eda\u201d<\/em>.<\/p>\n<p>Entre ellas, Vicente Puchol, mencion\u00f3 la microbiolog\u00eda, para aumentar la fertilidad de las tierras agr\u00edcolas cultivadas, o el uso de microorganismos para control de plagas y enfermedades.<\/p>\n<p><strong>Manejo de cultivo de c\u00edtricos sin residuos<\/strong><\/p>\n<p>Adem\u00e1s de la activaci\u00f3n de genes, vinculados a procesos productivos para el aumento de producci\u00f3n Kg\/ha y calidad. Y habl\u00f3 de <strong>c\u00f3mo tambi\u00e9n existe un gran \u00e1mbito de oportunidades en la mejora cuantitativa de la producci\u00f3n agraria en el aporte del valor nutricional<\/strong> y propiedades organol\u00e9pticas, junto al desarrollo de t\u00e9cnicas de cultivo en condiciones de reducci\u00f3n de aportaci\u00f3n de agua y nutrientes.<\/p>\n<p><strong>EDYPRO<\/strong> est\u00e1 plenamente alineada con el concepto de bioeconom\u00eda ya que en el 2009 fue galardonada con el <strong>Premio de Pactem Nord Respeto al Medio Ambiente<\/strong> por su Plan de Manejo de Cultivo de c\u00edtricos sin residuos y en la actualidad se encuentra en pleno desarrollo de planes de manejo de m\u00e1s de 20 cultivos sin residuos. Asimismo, cuenta con el <strong>Premio InnovaQ 2011<\/strong> por la activaci\u00f3n de genes de las plantas vinculados a procesos productivos. La compa\u00f1\u00eda tiene en la actualidad dos laboratorios donde se investiga y tres campos de experiencia en los que se testean sus soluciones biotecnol\u00f3gicas.<\/p>\n<p>Durante su intervenci\u00f3n en la mesa de debate, el m\u00e1ximo representante de <strong>EDYPRO<\/strong> hizo hincapi\u00e9 en el hecho de que, respecto a la bioeconom\u00eda <em>\u201chay que aprovechar muy bien este potencial pero tambi\u00e9n hay que saber sacarle un valor de mercado y que sea reconocido. Las empresas tenemos una responsabilidad y un futuro que es la bioeconom\u00eda\u201d.\u00a0\u00a0 \u00a0\u00a0\u00a0<\/em><\/p>\n<p><strong>Empresas que destacan en bioeconom\u00eda circular<\/strong><\/p>\n<p>En este foro y mesa redonda participaron adem\u00e1s otros ejemplos de compa\u00f1\u00edas que destacan por su proyecci\u00f3n y calidad dentro de la bioeconom\u00eda en la Comunitat Valenciana como <a href=\"https:\/\/bioinicia.com\/\"><strong>Bioinicia,<\/strong><\/a> compa\u00f1\u00eda de soluciones para las industrias alimentaria y farmac\u00e9utica, <a href=\"https:\/\/ingelia.com\/\">Ingelia,<\/a> con su planta de reciclaje de residuos org\u00e1nicos y su descomposici\u00f3n en elementos b\u00e1sicos (C, N, P, K,) y <a href=\"http:\/\/adbioplastics.com\/\"><strong>Adbioplastic<\/strong><\/a>, con sus compuestos de origen vegetal que sustituyen los pl\u00e1sticos convencionales en industria alimentaria y farmac\u00e9utica.<\/p>\n<p>Desde <strong>EDYPRO,<\/strong> agradecen la colaboraci\u00f3n, apoyo e implicaci\u00f3n de <strong>Bioval<\/strong> para impulsar este tipo de iniciativas y la colaboraci\u00f3n entre sus socios a nivel de investigaci\u00f3n y desarrollo de soluciones de futuro. En este sentido, Vicente Puchol destaca que la bioeconom\u00eda <em>\u201ces una gran oportunidad de negocio sobre la que se va a basar el crecimiento econ\u00f3mico con un valor adjunto diferencial y positivo\u201d. <\/em><\/p>","protected":false},"excerpt":{"rendered":"<p>EDYPRO, compa\u00f1\u00eda de estudio, desarrollo y producci\u00f3n de fertilizantes biotecnol\u00f3gicos, ha sido destacada como ejemplo de bioeconom\u00eda en el Foro Focus Pyme y Emprendimiento que estos d\u00edas se ha celebrado en la ciudad de Valencia, centrado en el an\u00e1lisis del presente y futuro de este sector. La bioeconom\u00eda, en la que ya trabajan 17 millones [&hellip;]<\/p>\n","protected":false},"author":1,"featured_media":12573,"comment_status":"closed","ping_status":"closed","sticky":false,"template":"","format":"standard","meta":{"_acf_changed":false,"inline_featured_image":false,"footnotes":""},"categories":[56],"tags":[],"class_list":["post-13350","post","type-post","status-publish","format-standard","has-post-thumbnail","hentry","category-actualidad"],"acf":[],"_links":{"self":[{"href":"https:\/\/edyprobiotec.com\/en\/wp-json\/wp\/v2\/posts\/13350","targetHints":{"allow":["GET"]}}],"collection":[{"href":"https:\/\/edyprobiotec.com\/en\/wp-json\/wp\/v2\/posts"}],"about":[{"href":"https:\/\/edyprobiotec.com\/en\/wp-json\/wp\/v2\/types\/post"}],"author":[{"embeddable":true,"href":"https:\/\/edyprobiotec.com\/en\/wp-json\/wp\/v2\/users\/1"}],"replies":[{"embeddable":true,"href":"https:\/\/edyprobiotec.com\/en\/wp-json\/wp\/v2\/comments?post=13350"}],"version-history":[{"count":0,"href":"https:\/\/edyprobiotec.com\/en\/wp-json\/wp\/v2\/posts\/13350\/revisions"}],"wp:featuredmedia":[{"embeddable":true,"href":"https:\/\/edyprobiotec.com\/en\/wp-json\/wp\/v2\/media\/12573"}],"wp:attachment":[{"href":"https:\/\/edyprobiotec.com\/en\/wp-json\/wp\/v2\/media?parent=13350"}],"wp:term":[{"taxonomy":"category","embeddable":true,"href":"https:\/\/edyprobiotec.com\/en\/wp-json\/wp\/v2\/categories?post=13350"},{"taxonomy":"post_tag","embeddable":true,"href":"https:\/\/edyprobiotec.com\/en\/wp-json\/wp\/v2\/tags?post=13350"}],"curies":[{"name":"wp","href":"https:\/\/api.w.org\/{rel}","templated":true}]}}