{"id":8934,"date":"2015-09-01T00:00:00","date_gmt":"2015-09-01T00:00:00","guid":{"rendered":"https:\/\/www.edypro-online.com\/jornada-de-arroz-de-irta-2015\/"},"modified":"2015-09-01T00:00:00","modified_gmt":"2015-09-01T00:00:00","slug":"jornada-de-arroz-de-irta-2015","status":"publish","type":"post","link":"https:\/\/edyprobiotec.com\/en\/jornada-de-arroz-de-irta-2015\/","title":{"rendered":"Jornada de arroz de IRTA 2015"},"content":{"rendered":"<p style=\"font-size: 13px; margin: 0px; text-align: justify; font-family: Arial; color: #232323;\">El pasado d\u00eda 27 de Agosto se celebr\u00f3 la Jornada de Campo de Arroz organizada por IRTA, y liderada por Maria del Mar Catal\u00e1 y su equipo, destacando la gran profesionalidad y la labor inestimable.<\/p>\n<p style=\"font-size: 13px; margin: 0px; text-align: justify; font-family: Arial; color: #232323;\"><span style=\"color: #000000;\"><b>EDYPRO<\/b><\/span>\u00a0<strong><span style=\"color: #000000;\">biotechnology<\/span><\/strong>, como especialistas en el cultivo del arroz, ha presentado los resultados de sus\u00a0<b>vitrinas demostrativas<\/b>\u00a0con los productos\u00a0<span style=\"color: #000080;\"><b><span style=\"color: #000080;\">ROOT RICE<\/span><\/b><\/span>,\u00a0<span style=\"color: #008000;\"><b><span style=\"color: #008000;\">EDYFRUIT RICE<\/span><\/b><\/span>\u00a0y\u00a0<span style=\"color: #011480;\"><b>COUPE REGENERACI\u00d3N<\/b><\/span><span style=\"color: #551a8b;\"><b>\u00a0<\/b><\/span><span style=\"color: #ff2500;\"><b>Plus<\/b><\/span>.<\/p>\n<p style=\"font-size: 13px; margin: 0px; text-align: justify; font-family: Arial; color: #232323;\">Los asistentes a la jornada han podido intercambiar opiniones, resolver dudas y observar en primera persona los resultados obtenidos.<\/p>\n<p style=\"font-size: 13px; margin: 0px; text-align: justify; font-family: Arial; color: #232323;\">Con los resultados presentados de las aplicaciones de\u00a0<b style=\"color: #000080;\"><span style=\"color: #000080;\">ROOT RICE<\/span><\/b>, se ha demostrado la importancia de su utilizaci\u00f3n para uniformar la\u00a0germinaci\u00f3n de las plantas, reducir las p\u00e9rdidas de semilla y planta por factores clim\u00e1ticos adversos (fuertes vientos, fuertes contrastes de temperaturas, etc.) a la vez que se consigue un r\u00e1pido y gran desarrollo del sistema radicular de la planta de arroz, con mayor n\u00famero de pelos absorbentes y se facilita la asimilaci\u00f3n del conjunto de fertilizantes.<\/p>\n<p style=\"font-size: 13px; margin: 0px; text-align: justify; font-family: Arial; color: #232323;\"><b style=\"color: #000080;\"><span style=\"color: #000080;\">ROOT RICE<\/span><\/b>\u00a0acorta los estados fenol\u00f3gicos desde la siembra hasta la aplicaci\u00f3n del primer herbicida, permitiendo de este modo actuar sobre las malas hierbas con estados m\u00e1s sensibles, y los herbicidas act\u00faan de un modo m\u00e1s exitoso.<\/p>\n<p style=\"font-size: 13px; margin: 0px; text-align: justify; font-family: Arial; color: #232323;\">Por otro lado, tambi\u00e9n se ha observado que\u00a0<b style=\"color: #000080;\"><span style=\"color: #000080;\">ROOT RICE<\/span><\/b>\u00a0reduce los da\u00f1os de aves acu\u00e1ticas porque a partir de los 15 d\u00edas de siembra, las plantas de arroz empiezan a recubrir el agua y as\u00ed\u00a0se reduce el periodo de riesgo de ataques. A la vez se ha constatado que los ataques de quiron\u00f3midos aparecen a finales de Mayo y el mes de Junio; si la siembra se hace temprana (finales de Abril, principios de Mayo) con\u00a0<b style=\"color: #000080;\"><span style=\"color: #000080;\">ROOT RICE<\/span><\/b>, la planta cuando llega el periodo de riesgo de quironomidos ya esta iniciando el ahijado y deja de estar sensible a esta plaga.<\/p>\n<p style=\"font-size: 13px; margin: 0px; text-align: justify; font-family: Arial; color: #232323;\">Los agricultores manifiestan su plena y reiterada confianza en\u00a0<span style=\"color: #008000;\"><b style=\"color: #339966;\"><span style=\"color: #008000;\">EDYFRUIT RICE<\/span><\/b><\/span>. Durante la jornada se ha explicado c\u00f3mo el producto estimula los factores productivos, reestableciendo r\u00e1pidamente el sistema radicular da\u00f1ado por la aplicaci\u00f3n de los herbicidas. Gracias a esto, se logra acentuar y uniformar el ahijado, dando como resultado que las espigas de los hijos de la planta, sean de igual tama\u00f1o y calidad que las del tallo principal.<\/p>\n<p style=\"font-size: 13px; margin: 0px; text-align: justify; font-family: Arial; color: #232323;\"><span style=\"color: #008000;\"><b style=\"color: #339966;\"><span style=\"color: #008000;\">EDYFRUIT RICE<\/span><\/b><\/span>\u00a0alarga la actividad vegetativa durante la fase lechosa e incrementa el porcentaje de enteros, disminuyendo el yesado y en tierras de alto potencial productivo, aumenta el promedio de la producci\u00f3n.<\/p>\n<p style=\"font-size: 13px; margin: 0px; text-align: justify; font-family: Arial; color: #232323;\">Por \u00faltimo, hemos presentado los resultados espectaculares de la aplicaci\u00f3n de\u00a0<span style=\"color: #011480;\"><b>COUPE REGENERACI\u00d3N<\/b><\/span><span style=\"color: #551a8b;\"><b>\u00a0<\/b><\/span><span style=\"color: #ff2500;\"><b>Plus<\/b><\/span>.<\/p>\n<p style=\"font-size: 13px; margin: 0px; text-align: justify; font-family: Arial; color: #232323;\"><span style=\"color: #011480;\"><b>COUPE REGENERACI\u00d3N<\/b><\/span><span style=\"color: #551a8b;\"><b>\u00a0<\/b><\/span><span style=\"color: #ff2500;\"><b>Plus<\/b><\/span>, aplicado en presiembra activa de modo acentuado el intercambio cati\u00f3nico, logrando la \u00f3ptima asimilaci\u00f3n de los nutrientes del suelo y los aportados mediante los fertilizantes.<\/p>\n<p style=\"font-size: 13px; margin: 0px; text-align: justify; font-family: Arial; color: #232323;\">Tambi\u00e9n hemos obtenido resultados muy importantes en otros cultivares tanto en Espa\u00f1a como en otras zonas productoras de arroz de Europa, aplicando Post-siega sobre el rastrojo el\u00a0<span style=\"color: #011480;\"><b>COUPE REGENERACI\u00d3N<\/b><\/span><span style=\"color: #551a8b;\"><b>\u00a0<\/b><\/span><span style=\"color: #ff2500;\"><b>Plus<\/b><\/span>\u00a0a 60 L\/ha para facilitar la descomposici\u00f3n de los restos vegetales durante el periodo invernal. En este caso el producto act\u00faa activando la descomposici\u00f3n de la paja y logra un elevado equilibrio C \/ N en el suelo de cultivo, que determina el potencial productivo del cultivo del arroz.<\/p>\n<p style=\"font-size: 13px; margin: 0px; text-align: justify; font-family: Arial; color: #011480;\"><span style=\"color: #011480;\"><b>COUPE REGENERACI\u00d3N<\/b><\/span><span style=\"color: #551a8b;\"><b>\u00a0<\/b><\/span><span style=\"color: #ff2500;\"><b>Plus<\/b><\/span><span style=\"color: #232323;\">:<\/span><\/p>\n<ul style=\"color: #222222; font-family: arial, sans-serif; font-size: 13px;\">\n<li style=\"margin: 0px; text-align: justify; font-family: Arial; color: #232323;\">Permite disminuir las aportaciones de fertilizantes convencionales, gracias a la fijaci\u00f3n de elementos en el complejo Arcillo-H\u00famico.<\/li>\n<li style=\"margin: 0px; text-align: justify; font-family: Arial; color: #232323;\">Reactiva el suelo, permite disponer de suelos de cultivo activos, sanos y con gran capacidad de desarrollo vegetativo.<\/li>\n<li style=\"margin: 0px; text-align: justify; font-family: Arial; color: #232323;\"><span style=\"color: #011480;\"><b>COUPE REGENERACI\u00d3N<\/b><\/span><span style=\"color: #551a8b;\"><b>\u00a0<\/b><\/span><span style=\"color: #ff2500;\"><b>Plus<\/b><\/span>\u00a0equilibra la relaci\u00f3n C \/ N del suelo de cultivo.<\/li>\n<li style=\"margin: 0px; text-align: justify; font-family: Arial; color: #232323;\">Desplaza eficazmente las sales t\u00f3xicas del complejo Arcillo-H\u00famico impidiendo la fijaci\u00f3n del sodio en los aniones y cationes del suelo.<\/li>\n<li style=\"margin: 0px; text-align: justify; font-family: Arial; color: #232323;\">Aumenta la capacidad de intercambio cati\u00f3nico y mejora la estructura del suelo, aumentando su oxigenaci\u00f3n y su drenaje.<\/li>\n<li style=\"margin: 0px; text-align: justify; font-family: Arial; color: #232323;\">Incrementa el engrosamiento del tronco, ra\u00edces y frutos aumentando el rendimiento del cultivo.<\/li>\n<\/ul>\n<div style=\"text-align: justify;\"><\/div>\n<div style=\"text-align: justify;\"><\/div>\n<div><\/div>\n<div><img decoding=\"async\" style=\"display: block; margin-left: auto; margin-right: auto;\" src=\"https:\/\/edyprobiotec.com\/images\/20150827_084151.jpg\" \/><\/div>\n<div><\/div>\n<div>\n<hr \/>\n<\/div>\n<div><\/div>\n<div><\/div>\n<div><img decoding=\"async\" style=\"display: block; margin-left: auto; margin-right: auto;\" src=\"https:\/\/edyprobiotec.com\/images\/20150827_084127.jpg\" \/><\/div>\n<div><\/div>\n<div><\/div>\n<div>\n<hr \/>\n<\/div>\n<div><img decoding=\"async\" style=\"display: block; margin-left: auto; margin-right: auto;\" src=\"https:\/\/edyprobiotec.com\/images\/JORNADA%20DE%20CAMPO%20IRTA%202015%20-%201.jpg\" \/><\/div>\n<div><\/div>\n<div><\/div>\n<div>\n<hr \/>\n<\/div>\n<div><\/div>\n<div style=\"text-align: center;\"><img decoding=\"async\" src=\"https:\/\/edyprobiotec.com\/images\/JORNADA%20DE%20CAMPO%20IRTA%202015%20-%202.jpg\" \/><\/div>\n<div style=\"text-align: center;\"><\/div>\n<div style=\"text-align: center;\"><\/div>\n<div style=\"text-align: center;\">\n<hr \/>\n<\/div>\n<div style=\"text-align: center;\"><\/div>\n<div style=\"text-align: center;\"><img decoding=\"async\" src=\"https:\/\/edyprobiotec.com\/images\/irta.jpg\" \/><\/div>\n<div style=\"text-align: center;\"><\/div>\n<div style=\"text-align: center;\"><\/div>\n<div style=\"text-align: center;\">\n<hr \/>\n<\/div>\n<div>\n<div><img decoding=\"async\" style=\"display: block; margin-left: auto; margin-right: auto;\" src=\"https:\/\/edyprobiotec.com\/images\/Diapositiva1.JPG\" \/><\/div>\n<div><\/div>\n<div>\n<hr \/>\n<\/div>\n<div><\/div>\n<div><img decoding=\"async\" style=\"display: block; margin-left: auto; margin-right: auto;\" src=\"https:\/\/edyprobiotec.com\/images\/Diapositiva3.JPG\" \/><\/div>\n<\/div>\n<div><\/div>\n<div>\n<hr \/>\n<\/div>\n<div><img decoding=\"async\" style=\"display: block; margin-left: auto; margin-right: auto;\" src=\"https:\/\/edyprobiotec.com\/images\/Diapositiva2.JPG\" \/><\/div>\n<div><\/div>","protected":false},"excerpt":{"rendered":"<p>El pasado d\u00eda 27 de Agosto se celebr\u00f3 la Jornada de Campo de Arroz organizada por IRTA, y liderada por Maria del Mar Catal\u00e1 y su equipo, destacando la gran profesionalidad y la labor inestimable. EDYPRO\u00a0biotecnolog\u00eda, como especialistas en el cultivo del arroz, ha presentado los resultados de sus\u00a0vitrinas demostrativas\u00a0con los productos\u00a0ROOT RICE,\u00a0EDYFRUIT ARROZ\u00a0y\u00a0COUPE REGENERACI\u00d3N\u00a0Plus. [&hellip;]<\/p>\n","protected":false},"author":1,"featured_media":12495,"comment_status":"closed","ping_status":"closed","sticky":false,"template":"","format":"standard","meta":{"_acf_changed":false,"inline_featured_image":false,"footnotes":""},"categories":[56],"tags":[],"class_list":["post-8934","post","type-post","status-publish","format-standard","has-post-thumbnail","hentry","category-actualidad"],"acf":[],"_links":{"self":[{"href":"https:\/\/edyprobiotec.com\/en\/wp-json\/wp\/v2\/posts\/8934","targetHints":{"allow":["GET"]}}],"collection":[{"href":"https:\/\/edyprobiotec.com\/en\/wp-json\/wp\/v2\/posts"}],"about":[{"href":"https:\/\/edyprobiotec.com\/en\/wp-json\/wp\/v2\/types\/post"}],"author":[{"embeddable":true,"href":"https:\/\/edyprobiotec.com\/en\/wp-json\/wp\/v2\/users\/1"}],"replies":[{"embeddable":true,"href":"https:\/\/edyprobiotec.com\/en\/wp-json\/wp\/v2\/comments?post=8934"}],"version-history":[{"count":0,"href":"https:\/\/edyprobiotec.com\/en\/wp-json\/wp\/v2\/posts\/8934\/revisions"}],"wp:featuredmedia":[{"embeddable":true,"href":"https:\/\/edyprobiotec.com\/en\/wp-json\/wp\/v2\/media\/12495"}],"wp:attachment":[{"href":"https:\/\/edyprobiotec.com\/en\/wp-json\/wp\/v2\/media?parent=8934"}],"wp:term":[{"taxonomy":"category","embeddable":true,"href":"https:\/\/edyprobiotec.com\/en\/wp-json\/wp\/v2\/categories?post=8934"},{"taxonomy":"post_tag","embeddable":true,"href":"https:\/\/edyprobiotec.com\/en\/wp-json\/wp\/v2\/tags?post=8934"}],"curies":[{"name":"wp","href":"https:\/\/api.w.org\/{rel}","templated":true}]}}