{"id":8937,"date":"2015-09-16T00:00:00","date_gmt":"2015-09-16T00:00:00","guid":{"rendered":"https:\/\/www.edypro-online.com\/lxix-feria-de-ganaderia-y-maquinaria-agricola\/"},"modified":"2015-09-16T00:00:00","modified_gmt":"2015-09-16T00:00:00","slug":"lxix-feria-de-ganaderia-y-maquinaria-agricola","status":"publish","type":"post","link":"https:\/\/edyprobiotec.com\/en\/lxix-feria-de-ganaderia-y-maquinaria-agricola\/","title":{"rendered":"LXIX Feria de Ganader\u00eda y Maquinar\u00eda Agr\u00edcola"},"content":{"rendered":"<p style=\"text-align: justify;\"><span style=\"font-size: medium;\">Del 17 al 20 de Septiembre se celebrar\u00e1 la LXIX Feria de Ganader\u00eda y Maquinaria Agr\u00edcola en la localidad de Nules (Castell\u00f3n), donde <span style=\"color: #008000;\"><strong>EDYPRO<\/strong><\/span> participar\u00e1, junto con nuestro Colaborador\/Distribuidor\u00a0<span style=\"color: #008000;\"><strong>MEGA AGRICOLA<\/strong><\/span>, empresa de Venta de productos agr\u00edcolas, asesoramiento y mantenimiento de fincas.<\/span><\/p>\n<p style=\"text-align: justify;\"><span style=\"font-size: medium;\">\u00a0<\/span><\/p>\n<p style=\"text-align: justify;\"><span style=\"font-size: medium;\">Aqu\u00ed podr\u00e1n conocer t\u00e9cnicas innovadoras de manejo de cultivo de c\u00edtricos mediante la biotecnolog\u00eda para conseguir buena producci\u00f3n y calidad excelente!\u00a0<\/span><\/p>\n<p style=\"text-align: justify;\"><span style=\"font-size: medium;\">\u00a0<\/span><\/p>\n<p style=\"text-align: justify;\"><span style=\"font-size: medium;\">Les invitamos a nuestro stand!\u00a0<\/span><\/p>\n<p style=\"text-align: justify;\"><span style=\"font-size: medium;\">\u00a0<\/span><\/p>\n<p style=\"text-align: justify;\"><span style=\"font-size: medium;\">M\u00e1s informaci\u00f3n en\u00a0<span style=\"color: #0000ff;\"><a href=\"http:\/\/www.nules.es\/va\/noticia\/lxix-fira-ramadera-maquinaria-agricola-nules-potenciara-sector-ramader-comerc-local\"><span style=\"color: #0000ff;\">http:\/\/www.nules.es\/va\/noticia\/lxix-fira-ramadera-maquinaria-agricola-nules-potenciara-sector-ramader-comerc-local<\/span><\/a><\/span><\/span><\/p>\n<p style=\"text-align: justify;\">","protected":false},"excerpt":{"rendered":"<p>Del 17 al 20 de Septiembre se celebrar\u00e1 la LXIX Feria de Ganader\u00eda y Maquinaria Agr\u00edcola en la localidad de Nules (Castell\u00f3n), donde EDYPRO participar\u00e1, junto con nuestro Colaborador\/Distribuidor\u00a0MEGA AGRICOLA, empresa de Venta de productos agr\u00edcolas, asesoramiento y mantenimiento de fincas. \u00a0 Aqu\u00ed podr\u00e1n conocer t\u00e9cnicas innovadoras de manejo de cultivo de c\u00edtricos mediante la [&hellip;]<\/p>\n","protected":false},"author":1,"featured_media":12499,"comment_status":"closed","ping_status":"closed","sticky":false,"template":"","format":"standard","meta":{"_acf_changed":false,"inline_featured_image":false,"footnotes":""},"categories":[56],"tags":[],"class_list":["post-8937","post","type-post","status-publish","format-standard","has-post-thumbnail","hentry","category-actualidad"],"acf":[],"_links":{"self":[{"href":"https:\/\/edyprobiotec.com\/en\/wp-json\/wp\/v2\/posts\/8937","targetHints":{"allow":["GET"]}}],"collection":[{"href":"https:\/\/edyprobiotec.com\/en\/wp-json\/wp\/v2\/posts"}],"about":[{"href":"https:\/\/edyprobiotec.com\/en\/wp-json\/wp\/v2\/types\/post"}],"author":[{"embeddable":true,"href":"https:\/\/edyprobiotec.com\/en\/wp-json\/wp\/v2\/users\/1"}],"replies":[{"embeddable":true,"href":"https:\/\/edyprobiotec.com\/en\/wp-json\/wp\/v2\/comments?post=8937"}],"version-history":[{"count":0,"href":"https:\/\/edyprobiotec.com\/en\/wp-json\/wp\/v2\/posts\/8937\/revisions"}],"wp:featuredmedia":[{"embeddable":true,"href":"https:\/\/edyprobiotec.com\/en\/wp-json\/wp\/v2\/media\/12499"}],"wp:attachment":[{"href":"https:\/\/edyprobiotec.com\/en\/wp-json\/wp\/v2\/media?parent=8937"}],"wp:term":[{"taxonomy":"category","embeddable":true,"href":"https:\/\/edyprobiotec.com\/en\/wp-json\/wp\/v2\/categories?post=8937"},{"taxonomy":"post_tag","embeddable":true,"href":"https:\/\/edyprobiotec.com\/en\/wp-json\/wp\/v2\/tags?post=8937"}],"curies":[{"name":"wp","href":"https:\/\/api.w.org\/{rel}","templated":true}]}}