{"id":8938,"date":"2015-09-21T00:00:00","date_gmt":"2015-09-21T00:00:00","guid":{"rendered":"https:\/\/www.edypro-online.com\/gran-afluencia-de-visitantes-en-la-lxix-feria-de-ganaderia-y-maquinaria-agricola\/"},"modified":"2015-09-21T00:00:00","modified_gmt":"2015-09-21T00:00:00","slug":"gran-afluencia-de-visitantes-en-la-lxix-feria-de-ganaderia-y-maquinaria-agricola","status":"publish","type":"post","link":"https:\/\/edyprobiotec.com\/en\/gran-afluencia-de-visitantes-en-la-lxix-feria-de-ganaderia-y-maquinaria-agricola\/","title":{"rendered":"Gran afluencia de visitantes en la LXIX Feria de Ganader\u00eda y Maquinaria Agr\u00edcola"},"content":{"rendered":"<p style=\"text-align: justify;\"><span style=\"font-size: medium;\">Del 17 al 20 de Septiembre\u00a0<\/span><strong style=\"color: #008000; font-size: medium;\">EDYPRO<\/strong><span style=\"font-size: medium;\">, junto con su Colaborador \/ Distribuidor MEGA\u00a0AGRICOLA, ha participado en la <strong>LXIX Feria de Ganader\u00eda y Maquinaria Agr\u00edcola<\/strong> en la localidad de Nules (Castell\u00f3n).<\/span><\/p>\n<p style=\"text-align: justify;\"><span style=\"font-size: medium;\">Durante la feria, nuestro stand ha sido visitado por muchos productores de c\u00edtricos interesados en soluciones eficaces para sus necesidades, sobre todo <strong>soluciones en Biotecnolog\u00eda<\/strong> para mejorar la producci\u00f3n y la calidad y productos sin residuos, aptos para la Agricultura Ecol\u00f3gica.<\/span><\/p>\n<p style=\"text-align: justify;\"><span style=\"font-size: medium;\">Viendo los resultados en campo que obtienen nuestros Colaboradores y Distribuidores con su manejo de cultivo y con los productos de\u00a0<\/span><strong style=\"color: #008000; font-size: medium;\">EDYPRO<\/strong><span style=\"font-size: medium;\">, los agricultores\u00a0estan eligiendo las mejores soluciones para ellos.\u00a0<\/span><\/p>\n<p style=\"text-align: justify;\"><span style=\"font-size: medium;\">El domingo d\u00eda 20, ha sido el d\u00eda con mayor alfuencia de visitantes.<\/span><\/p>\n<p style=\"text-align: justify;\">","protected":false},"excerpt":{"rendered":"<p>Del 17 al 20 de Septiembre\u00a0EDYPRO, junto con su Colaborador \/ Distribuidor MEGA\u00a0AGRICOLA, ha participado en la LXIX Feria de Ganader\u00eda y Maquinaria Agr\u00edcola en la localidad de Nules (Castell\u00f3n). Durante la feria, nuestro stand ha sido visitado por muchos productores de c\u00edtricos interesados en soluciones eficaces para sus necesidades, sobre todo soluciones en Biotecnolog\u00eda [&hellip;]<\/p>\n","protected":false},"author":1,"featured_media":12501,"comment_status":"closed","ping_status":"closed","sticky":false,"template":"","format":"standard","meta":{"_acf_changed":false,"inline_featured_image":false,"footnotes":""},"categories":[56],"tags":[],"class_list":["post-8938","post","type-post","status-publish","format-standard","has-post-thumbnail","hentry","category-actualidad"],"acf":[],"_links":{"self":[{"href":"https:\/\/edyprobiotec.com\/en\/wp-json\/wp\/v2\/posts\/8938","targetHints":{"allow":["GET"]}}],"collection":[{"href":"https:\/\/edyprobiotec.com\/en\/wp-json\/wp\/v2\/posts"}],"about":[{"href":"https:\/\/edyprobiotec.com\/en\/wp-json\/wp\/v2\/types\/post"}],"author":[{"embeddable":true,"href":"https:\/\/edyprobiotec.com\/en\/wp-json\/wp\/v2\/users\/1"}],"replies":[{"embeddable":true,"href":"https:\/\/edyprobiotec.com\/en\/wp-json\/wp\/v2\/comments?post=8938"}],"version-history":[{"count":0,"href":"https:\/\/edyprobiotec.com\/en\/wp-json\/wp\/v2\/posts\/8938\/revisions"}],"wp:featuredmedia":[{"embeddable":true,"href":"https:\/\/edyprobiotec.com\/en\/wp-json\/wp\/v2\/media\/12501"}],"wp:attachment":[{"href":"https:\/\/edyprobiotec.com\/en\/wp-json\/wp\/v2\/media?parent=8938"}],"wp:term":[{"taxonomy":"category","embeddable":true,"href":"https:\/\/edyprobiotec.com\/en\/wp-json\/wp\/v2\/categories?post=8938"},{"taxonomy":"post_tag","embeddable":true,"href":"https:\/\/edyprobiotec.com\/en\/wp-json\/wp\/v2\/tags?post=8938"}],"curies":[{"name":"wp","href":"https:\/\/api.w.org\/{rel}","templated":true}]}}