{"id":8951,"date":"2016-08-12T00:00:00","date_gmt":"2016-08-12T00:00:00","guid":{"rendered":"https:\/\/www.edypro-online.com\/edypro-participara-en-la-feria-de-campo-en-la-cascina-salsiccia-pavia-italia\/"},"modified":"2016-08-12T00:00:00","modified_gmt":"2016-08-12T00:00:00","slug":"edypro-participara-en-la-feria-de-campo-en-la-cascina-salsiccia-pavia-italia","status":"publish","type":"post","link":"https:\/\/edyprobiotec.com\/en\/edypro-participara-en-la-feria-de-campo-en-la-cascina-salsiccia-pavia-italia\/","title":{"rendered":"EDYPRO participara en la Feria de Campo en la Cascina Salsiccia (Pavia, Italia)"},"content":{"rendered":"<p>El pr\u00f3ximo S\u00e1bado 3 de Septiembre <strong>EDYPRO biotecnolog\u00eda<\/strong> por primera vez presentara sus productos biotecnol\u00f3gicos para el cultivo de arroz en uno de los eventos clave del sector arrocero italiano \u2013 Jornada de Campo en la CascinaSalsiccia.Esta feria es reconocida por reunir cada a\u00f1o a los actores m\u00e1s importantes del sector para presentar sus mejores e innovadoras soluciones para el agricultor-arrocero.<\/p>\n<p style=\"text-align: center;\"><img decoding=\"async\" src=\"\/images\/AA%2012.08.16\/1.jpg\" alt=\"\" width=\"400\" \/><\/p>\n<p><strong>EDYPRO biotecnolog\u00eda, <\/strong>dedicados a investigaci\u00f3n en biotecnolog\u00eda para la agricultura de futuro y especialistas en el cultivo de arroz, en colaboraci\u00f3n con nuestro Colaborador \/ Distribuidor <strong>SAPISE<\/strong> presentar\u00e1 <a href=\"\/en\/productos-fertilizantes-agricolas\/tratamiento-semillas\/root-rice-\/\"><span style=\"color: #000080;\"><strong>ROOT RICE <\/strong><\/span><\/a>y <strong><a href=\"\/en\/productos-fertilizantes-agricolas\/biotecnologia-en-valencia\/edyfruit-arroz-\/\"><span style=\"color: #008000;\">EDYFRUIT RICE<\/span><\/a>,<\/strong> que siguen teniendo el liderazgo por las mejoras fisiol\u00f3gicas que le proporcionan al cultivo de arroz.<\/p>\n<p>En las siguientes im\u00e1genes puede ver las diferencias que se aprecian en las plantas tratado comparando con testigo.<\/p>\n<p style=\"text-align: center;\"><img decoding=\"async\" src=\"\/images\/AA%2012.08.16\/2.jpg\" alt=\"\" width=\"400\" \/><\/p>\n<p>\u00a1Adem\u00e1s del mayor vigor de las plantas tratadas con\u00a0<strong><a href=\"\/en\/productos-fertilizantes-agricolas\/tratamiento-semillas\/root-rice-\/\"><span style=\"color: #000080;\">ROOT RICE<\/span><\/a> <\/strong>se aprecia tambi\u00e9n un color m\u00e1s intenso de la hoja lo que confirma que la planta est\u00e1 funcionando con mayor energ\u00eda!<\/p>\n<p style=\"text-align: center;\"><img decoding=\"async\" src=\"\/images\/AA%2012.08.16\/3.jpg\" alt=\"\" width=\"400\" \/><\/p>\n<p>Ustedes pueden notar la perfecta germinaci\u00f3n e instauraci\u00f3n de las plantas tratadas con <a href=\"\/en\/productos-fertilizantes-agricolas\/tratamiento-semillas\/root-rice-\/\"><span style=\"color: #000080;\"><strong>ROOT RICE<\/strong><\/span><\/a>, la uniformidad y la rapidez del desarrollo de la parte tratada con <strong><a href=\"\/en\/productos-fertilizantes-agricolas\/biotecnologia-en-valencia\/edyfruit-arroz-\/\"><span style=\"color: #008000;\">EDYFRUIT RICE<\/span><\/a><\/strong>.<\/p>\n<p>Nosotros en <strong>EDYPRO<\/strong> tenemos mucha ilusi\u00f3n de participar en este evento y una vez m\u00e1s demostrar el potencial de nuestros productos biotecnol\u00f3gicos para el cultivo de arroz.<\/p>\n<p>\u00a1Nos vemos all\u00ed!<\/p>","protected":false},"excerpt":{"rendered":"<p>El pr\u00f3ximo S\u00e1bado 3 de Septiembre EDYPRO biotecnolog\u00eda por primera vez presentara sus productos biotecnol\u00f3gicos para el cultivo de arroz en uno de los eventos clave del sector arrocero italiano \u2013 Jornada de Campo en la CascinaSalsiccia.Esta feria es reconocida por reunir cada a\u00f1o a los actores m\u00e1s importantes del sector para presentar sus mejores [&hellip;]<\/p>\n","protected":false},"author":1,"featured_media":12514,"comment_status":"closed","ping_status":"closed","sticky":false,"template":"","format":"standard","meta":{"_acf_changed":false,"inline_featured_image":false,"footnotes":""},"categories":[56],"tags":[],"class_list":["post-8951","post","type-post","status-publish","format-standard","has-post-thumbnail","hentry","category-actualidad"],"acf":[],"_links":{"self":[{"href":"https:\/\/edyprobiotec.com\/en\/wp-json\/wp\/v2\/posts\/8951","targetHints":{"allow":["GET"]}}],"collection":[{"href":"https:\/\/edyprobiotec.com\/en\/wp-json\/wp\/v2\/posts"}],"about":[{"href":"https:\/\/edyprobiotec.com\/en\/wp-json\/wp\/v2\/types\/post"}],"author":[{"embeddable":true,"href":"https:\/\/edyprobiotec.com\/en\/wp-json\/wp\/v2\/users\/1"}],"replies":[{"embeddable":true,"href":"https:\/\/edyprobiotec.com\/en\/wp-json\/wp\/v2\/comments?post=8951"}],"version-history":[{"count":0,"href":"https:\/\/edyprobiotec.com\/en\/wp-json\/wp\/v2\/posts\/8951\/revisions"}],"wp:featuredmedia":[{"embeddable":true,"href":"https:\/\/edyprobiotec.com\/en\/wp-json\/wp\/v2\/media\/12514"}],"wp:attachment":[{"href":"https:\/\/edyprobiotec.com\/en\/wp-json\/wp\/v2\/media?parent=8951"}],"wp:term":[{"taxonomy":"category","embeddable":true,"href":"https:\/\/edyprobiotec.com\/en\/wp-json\/wp\/v2\/categories?post=8951"},{"taxonomy":"post_tag","embeddable":true,"href":"https:\/\/edyprobiotec.com\/en\/wp-json\/wp\/v2\/tags?post=8951"}],"curies":[{"name":"wp","href":"https:\/\/api.w.org\/{rel}","templated":true}]}}