{"id":8952,"date":"2016-12-14T00:00:00","date_gmt":"2016-12-14T00:00:00","guid":{"rendered":"https:\/\/www.edypro-online.com\/resultados-confirmados-por-nuestros-clientes\/"},"modified":"2016-12-14T00:00:00","modified_gmt":"2016-12-14T00:00:00","slug":"resultados-confirmados-por-nuestros-clientes","status":"publish","type":"post","link":"https:\/\/edyprobiotec.com\/en\/resultados-confirmados-por-nuestros-clientes\/","title":{"rendered":"RESULTADOS CONFIRMADOS POR NUESTROS CLIENTES"},"content":{"rendered":"<p>Nos es grato compartir con ustedes los extraordinarios resultados obtenidos por nuestro cliente y amigo J\u00e9r\u00f4me Grangier en el cultivo de tomate industria en la zona <strong>Tarascon (Francia)<\/strong> en su explotaci\u00f3n EARL LES GLAIS.<\/p>\n<p>Variedad: \u00a0\u00a0\u00a0\u00a0\u00a0\u00a0\u00a0\u00a0\u00a0\u00a0\u00a0\u00a0\u00a0\u00a0\u00a0\u00a0\u00a0\u00a0H1015<\/p>\n<p>Fecha de trasplante: 15\/04\/2016<\/p>\n<p>Fecha de aplicaci\u00f3n de <a href=\"\/en\/productos-fertilizantes-biotecnologicos\/biotecnologia-en-valencia\/coupe-regeneracion-plus---recupera-tu-tierra\/\"><strong><span style=\"color: #000080;\">COUP\u00c9 REGENERACI\u00d3N<\/span> <span style=\"color: #ff0000;\">Plus<\/span><\/strong><\/a> (60 L.\/ha. en riego a goteo): 08\/05\/2016<\/p>\n<p>Fecha de recolecci\u00f3n: 26\/08\/2016<\/p>\n<p>Durante las fases vegetativa y productiva; el agricultor ha notado las siguientes mejoras en las plantas tratadas:<\/p>\n<ul>\n<li>El volumen del sistema radicular y el n\u00famero de pelos absorbentes ha sido m\u00e1s importante en la parcela tratada con\u00a0<a href=\"\/en\/productos-fertilizantes-biotecnologicos\/biotecnologia-en-valencia\/coupe-regeneracion-plus---recupera-tu-tierra\/\"><strong><span style=\"color: #000080;\">COUP\u00c9 REGENERACI\u00d3N<\/span> <span style=\"color: #ff0000;\">Plus<\/span><\/strong><\/a> que en testigo, permitiendo una mejor asimilaci\u00f3n de los nutrientes del suelo.<\/li>\n<li>La uniformidad de las plantas y del calibre en la parcela tratada ha sido muy visible.<\/li>\n<li>Las diferencias importantes en la masa foliar de las plantas tratadas con <strong><a href=\"\/en\/productos-fertilizantes-biotecnologicos\/biotecnologia-en-valencia\/coupe-regeneracion-plus---recupera-tu-tierra\/\"><span style=\"color: #000080;\">COUP\u00c9 REGENERACI\u00d3N<\/span> <span style=\"color: #ff0000;\">Plus<\/span><\/a>,<\/strong> las hojas se ve\u00edan muy grandes con un color verde muy intenso y un desarrollo m\u00e1s avanzado en estados fenol\u00f3gicos.<\/li>\n<li>El n\u00famero de flores fecundadas ha sido muy superior en la parcela tratada con\u00a0<a href=\"\/en\/productos-fertilizantes-biotecnologicos\/biotecnologia-en-valencia\/coupe-regeneracion-plus---recupera-tu-tierra\/\"><strong><span style=\"color: #000080;\">COUP\u00c9 REGENERACI\u00d3N<\/span> <span style=\"color: #ff0000;\">Plus<\/span><\/strong><\/a> frente a testimonio.<\/li>\n<li>Con el mismo programa de abonado las plantas tratadas con\u00a0<a href=\"\/en\/productos-fertilizantes-biotecnologicos\/biotecnologia-en-valencia\/coupe-regeneracion-plus---recupera-tu-tierra\/\"><strong><span style=\"color: #000080;\">COUP\u00c9 REGENERACI\u00d3N<\/span> <span style=\"color: #ff0000;\">Plus<\/span><\/strong><\/a> se ha desarrollado mejor y en menor tiempo material.<\/li>\n<\/ul>\n<p><img decoding=\"async\" style=\"display: block; margin-left: auto; margin-right: auto;\" src=\"\/images\/AA%2012.08.16\/FOTO%201%20ES.jpg\" alt=\"\" width=\"450\" \/><\/p>\n<p><strong>A la hora de cosechar han seguido el procedimiento de recolecci\u00f3n, pesaje y an\u00e1lisis de grados brix por separado <\/strong><\/p>\n<p><strong>La producci\u00f3n contada en Tn\/ha ha sido la siguiente:<\/strong><\/p>\n<p>Tratado con <strong><a href=\"\/en\/productos-fertilizantes-biotecnologicos\/biotecnologia-en-valencia\/coupe-regeneracion-plus---recupera-tu-tierra\/\"><span style=\"color: #000080;\">COUP\u00c9 REGENERACI\u00d3N<\/span> <span style=\"color: #ff0000;\">Plus<\/span><\/a>: 120,708 Tn\/ha<\/strong><\/p>\n<p>Testigo: <strong>105,508 Tn\/ha<\/strong><\/p>\n<p><strong><img decoding=\"async\" style=\"display: block; margin-left: auto; margin-right: auto;\" src=\"\/images\/AA%2012.08.16\/FOTO%202%20ES.jpg\" alt=\"\" width=\"450\" \/><\/strong><\/p>\n<p>En que se refiere al contenido de azucares, el par\u00e1metro clave de la calidad del tomate para industria, el incremento tambi\u00e9n ha sido muy significativo:<\/p>\n<p><img alt=\"\" \/><img decoding=\"async\" style=\"display: block; margin-left: auto; margin-right: auto;\" src=\"\/images\/AA%2012.08.16\/FOTO%203%20ES.jpg\" alt=\"\" width=\"450\" \/><\/p>\n<p style=\"text-align: center;\"><strong>Desde EDYPRO agradecemos a J\u00e9r\u00f4me Grangier por compartir con nosotros su \u00e9xito.<\/strong><\/p>\n<p style=\"text-align: center;\">","protected":false},"excerpt":{"rendered":"<p>Nos es grato compartir con ustedes los extraordinarios resultados obtenidos por nuestro cliente y amigo J\u00e9r\u00f4me Grangier en el cultivo de tomate industria en la zona Tarascon (Francia) en su explotaci\u00f3n EARL LES GLAIS. Variedad: \u00a0\u00a0\u00a0\u00a0\u00a0\u00a0\u00a0\u00a0\u00a0\u00a0\u00a0\u00a0\u00a0\u00a0\u00a0\u00a0\u00a0\u00a0H1015 Fecha de trasplante: 15\/04\/2016 Fecha de aplicaci\u00f3n de COUP\u00c9 REGENERACI\u00d3N Plus (60 L.\/ha. en riego a goteo): 08\/05\/2016 Fecha [&hellip;]<\/p>\n","protected":false},"author":1,"featured_media":12515,"comment_status":"closed","ping_status":"closed","sticky":false,"template":"","format":"standard","meta":{"_acf_changed":false,"inline_featured_image":false,"footnotes":""},"categories":[56],"tags":[],"class_list":["post-8952","post","type-post","status-publish","format-standard","has-post-thumbnail","hentry","category-actualidad"],"acf":[],"_links":{"self":[{"href":"https:\/\/edyprobiotec.com\/en\/wp-json\/wp\/v2\/posts\/8952","targetHints":{"allow":["GET"]}}],"collection":[{"href":"https:\/\/edyprobiotec.com\/en\/wp-json\/wp\/v2\/posts"}],"about":[{"href":"https:\/\/edyprobiotec.com\/en\/wp-json\/wp\/v2\/types\/post"}],"author":[{"embeddable":true,"href":"https:\/\/edyprobiotec.com\/en\/wp-json\/wp\/v2\/users\/1"}],"replies":[{"embeddable":true,"href":"https:\/\/edyprobiotec.com\/en\/wp-json\/wp\/v2\/comments?post=8952"}],"version-history":[{"count":0,"href":"https:\/\/edyprobiotec.com\/en\/wp-json\/wp\/v2\/posts\/8952\/revisions"}],"wp:featuredmedia":[{"embeddable":true,"href":"https:\/\/edyprobiotec.com\/en\/wp-json\/wp\/v2\/media\/12515"}],"wp:attachment":[{"href":"https:\/\/edyprobiotec.com\/en\/wp-json\/wp\/v2\/media?parent=8952"}],"wp:term":[{"taxonomy":"category","embeddable":true,"href":"https:\/\/edyprobiotec.com\/en\/wp-json\/wp\/v2\/categories?post=8952"},{"taxonomy":"post_tag","embeddable":true,"href":"https:\/\/edyprobiotec.com\/en\/wp-json\/wp\/v2\/tags?post=8952"}],"curies":[{"name":"wp","href":"https:\/\/api.w.org\/{rel}","templated":true}]}}