{"id":8958,"date":"2017-07-12T00:00:00","date_gmt":"2017-07-12T00:00:00","guid":{"rendered":"https:\/\/www.edypro-online.com\/recomendaciones-para-el-control-de-plagas\/"},"modified":"2017-07-12T00:00:00","modified_gmt":"2017-07-12T00:00:00","slug":"recomendaciones-para-el-control-de-plagas","status":"publish","type":"post","link":"https:\/\/edyprobiotec.com\/en\/recomendaciones-para-el-control-de-plagas\/","title":{"rendered":"\u00a1RECOMENDACIONES PARA EL CONTROL DE PLAGAS!"},"content":{"rendered":"<p style=\"text-align: center;\"><span style=\"text-decoration: underline;\"><strong><span style=\"color: #008000; font-size: 12pt; text-decoration: underline;\">\u00a1AVISO DEL INSTITUTO VALENCIANO DE INVESTIGACI\u00d3N AGRARIA!<\/span><\/strong><\/span><\/p>\n<p><span style=\"color: #008000; font-size: 12pt;\">Se ha publicado el Bolet\u00edn de Avisos n\u00ba 12 correspondiente al mes de julio de la Conselleria de Agricultura, Medio Ambiente, Cambio Clim\u00e1tico y Desarrollo Rural, de la Generalitat Valenciana. En este bolet\u00edn se dan algunas recomendaciones para el seguimiento y control de las plagas m\u00e1s importantes en este momento.<\/span><\/p>\n<p style=\"text-align: center;\"><span style=\"font-size: 14pt;\"><a href=\"http:\/\/gipcitricos.ivia.es\/boletin-de-avisos-no-12-julio.html\">http:\/\/gipcitricos.ivia.es\/boletin-de-avisos-no-12-julio.html<\/a><\/span><\/p>\n<p style=\"text-align: center;\">\n<p><img decoding=\"async\" style=\"display: block; margin-left: auto; margin-right: auto;\" src=\"\/images\/noticias\/AVISO%20\/cotonet12.png\" alt=\"\" width=\"500\" \/><\/p>\n<p style=\"text-align: center;\">","protected":false},"excerpt":{"rendered":"<p>\u00a1AVISO DEL INSTITUTO VALENCIANO DE INVESTIGACI\u00d3N AGRARIA! Se ha publicado el Bolet\u00edn de Avisos n\u00ba 12 correspondiente al mes de julio de la Conselleria de Agricultura, Medio Ambiente, Cambio Clim\u00e1tico y Desarrollo Rural, de la Generalitat Valenciana. En este bolet\u00edn se dan algunas recomendaciones para el seguimiento y control de las plagas m\u00e1s importantes en [&hellip;]<\/p>\n","protected":false},"author":1,"featured_media":12520,"comment_status":"closed","ping_status":"closed","sticky":false,"template":"","format":"standard","meta":{"_acf_changed":false,"inline_featured_image":false,"footnotes":""},"categories":[56],"tags":[],"class_list":["post-8958","post","type-post","status-publish","format-standard","has-post-thumbnail","hentry","category-actualidad"],"acf":[],"_links":{"self":[{"href":"https:\/\/edyprobiotec.com\/en\/wp-json\/wp\/v2\/posts\/8958","targetHints":{"allow":["GET"]}}],"collection":[{"href":"https:\/\/edyprobiotec.com\/en\/wp-json\/wp\/v2\/posts"}],"about":[{"href":"https:\/\/edyprobiotec.com\/en\/wp-json\/wp\/v2\/types\/post"}],"author":[{"embeddable":true,"href":"https:\/\/edyprobiotec.com\/en\/wp-json\/wp\/v2\/users\/1"}],"replies":[{"embeddable":true,"href":"https:\/\/edyprobiotec.com\/en\/wp-json\/wp\/v2\/comments?post=8958"}],"version-history":[{"count":0,"href":"https:\/\/edyprobiotec.com\/en\/wp-json\/wp\/v2\/posts\/8958\/revisions"}],"wp:featuredmedia":[{"embeddable":true,"href":"https:\/\/edyprobiotec.com\/en\/wp-json\/wp\/v2\/media\/12520"}],"wp:attachment":[{"href":"https:\/\/edyprobiotec.com\/en\/wp-json\/wp\/v2\/media?parent=8958"}],"wp:term":[{"taxonomy":"category","embeddable":true,"href":"https:\/\/edyprobiotec.com\/en\/wp-json\/wp\/v2\/categories?post=8958"},{"taxonomy":"post_tag","embeddable":true,"href":"https:\/\/edyprobiotec.com\/en\/wp-json\/wp\/v2\/tags?post=8958"}],"curies":[{"name":"wp","href":"https:\/\/api.w.org\/{rel}","templated":true}]}}