{"id":8959,"date":"2017-08-04T00:00:00","date_gmt":"2017-08-04T00:00:00","guid":{"rendered":"https:\/\/www.edypro-online.com\/jornada-de-campo-del-arroz-agosto-2017\/"},"modified":"2017-08-04T00:00:00","modified_gmt":"2017-08-04T00:00:00","slug":"jornada-de-campo-del-arroz-agosto-2017","status":"publish","type":"post","link":"https:\/\/edyprobiotec.com\/en\/jornada-de-campo-del-arroz-agosto-2017\/","title":{"rendered":"JORNADA DE CAMPO DEL ARROZ Agosto 2017"},"content":{"rendered":"<p style=\"text-align: justify;\"><span style=\"font-size: medium;\"><strong><span style=\"color: #008000;\">EDYPRO biotecnolog\u00eda<\/span><\/strong>\u00a0como compa\u00f1\u00eda puntera en investigaci\u00f3n y desarrollo de productos biotecnol\u00f3gicos y\u00a0<strong><span style=\"color: #008000;\">especialista en el cultivo de arro<\/span><\/strong>z mostrar\u00e1 sus \u00faltimos avances tecnol\u00f3gicos en los estands de la<span style=\"font-size: large;\"><strong><span style=\"color: #000000;\">\u00a0Jornada de campo del arroz<\/span><\/strong><\/span>, que se celebrar\u00e1 el pr\u00f3ximo <span style=\"color: #ff0000;\"><em><strong>jueves 31 de Agosto de 2017 a las 9:30h de la ma\u00f1ana<\/strong><\/em><\/span>, en <em><strong><span style=\"color: #000080;\">IRTA\/ Estaci\u00f3n Experimental del Ebro (AMPOSTA).<\/span><\/strong><\/em><\/span><\/p>\n<p style=\"text-align: center;\"><span style=\"font-size: medium; color: #000000;\"><em><strong>EDYPRO Biotecnolog\u00eda <\/strong>presentar\u00e1 su experiencia en como\u00a0potenciar la actividad vegetal en la fase productiva del arroz con tratamientos biotecnol\u00f3gicos.<\/em><\/span><\/p>\n<p><span style=\"font-size: medium;\"><img decoding=\"async\" style=\"display: block; margin-left: auto; margin-right: auto;\" src=\"\/images\/noticias\/JORNADA%20TECNICA%20DEL%20ARROZ\/PDF.jpg\" alt=\"\" width=\"800\" \/><\/span><\/p>\n<p><span style=\"font-size: 12pt;\">\u00a0Para una mejor organizaci\u00f3n del evento sugerimos que se apunten a trav\u00e9s del siguiente enlace:\u00a0<a href=\"https:\/\/docs.google.com\/forms\/d\/e\/1FAIpQLSdUvQtsDa9x5BhIJBTehAa-5uRhaUY5XpIprIeq51HnLvHq2w\/viewform\" target=\"_blank\" rel=\"noopener noreferrer\">inscripci\u00f3n jornada<\/a><\/span><\/p>\n<p><span style=\"font-size: 12pt;\">Les invitamos a que nos acomp\u00f1en en esta jornada. Esperamos con ilusi\u00f3n que nuestra ayuda y conocimientos le permitan mejorar en su producci\u00f3n.<\/span><\/p>","protected":false},"excerpt":{"rendered":"<p>EDYPRO biotecnolog\u00eda\u00a0como compa\u00f1\u00eda puntera en investigaci\u00f3n y desarrollo de productos biotecnol\u00f3gicos y\u00a0especialista en el cultivo de arroz mostrar\u00e1 sus \u00faltimos avances tecnol\u00f3gicos en los estands de la\u00a0Jornada de campo del arroz, que se celebrar\u00e1 el pr\u00f3ximo jueves 31 de Agosto de 2017 a las 9:30h de la ma\u00f1ana, en IRTA\/ Estaci\u00f3n Experimental del Ebro (AMPOSTA). [&hellip;]<\/p>\n","protected":false},"author":1,"featured_media":12522,"comment_status":"closed","ping_status":"closed","sticky":false,"template":"","format":"standard","meta":{"_acf_changed":false,"inline_featured_image":false,"footnotes":""},"categories":[56],"tags":[],"class_list":["post-8959","post","type-post","status-publish","format-standard","has-post-thumbnail","hentry","category-actualidad"],"acf":[],"_links":{"self":[{"href":"https:\/\/edyprobiotec.com\/en\/wp-json\/wp\/v2\/posts\/8959","targetHints":{"allow":["GET"]}}],"collection":[{"href":"https:\/\/edyprobiotec.com\/en\/wp-json\/wp\/v2\/posts"}],"about":[{"href":"https:\/\/edyprobiotec.com\/en\/wp-json\/wp\/v2\/types\/post"}],"author":[{"embeddable":true,"href":"https:\/\/edyprobiotec.com\/en\/wp-json\/wp\/v2\/users\/1"}],"replies":[{"embeddable":true,"href":"https:\/\/edyprobiotec.com\/en\/wp-json\/wp\/v2\/comments?post=8959"}],"version-history":[{"count":0,"href":"https:\/\/edyprobiotec.com\/en\/wp-json\/wp\/v2\/posts\/8959\/revisions"}],"wp:featuredmedia":[{"embeddable":true,"href":"https:\/\/edyprobiotec.com\/en\/wp-json\/wp\/v2\/media\/12522"}],"wp:attachment":[{"href":"https:\/\/edyprobiotec.com\/en\/wp-json\/wp\/v2\/media?parent=8959"}],"wp:term":[{"taxonomy":"category","embeddable":true,"href":"https:\/\/edyprobiotec.com\/en\/wp-json\/wp\/v2\/categories?post=8959"},{"taxonomy":"post_tag","embeddable":true,"href":"https:\/\/edyprobiotec.com\/en\/wp-json\/wp\/v2\/tags?post=8959"}],"curies":[{"name":"wp","href":"https:\/\/api.w.org\/{rel}","templated":true}]}}