{"id":8961,"date":"2017-08-18T00:00:00","date_gmt":"2017-08-18T00:00:00","guid":{"rendered":"https:\/\/www.edypro-online.com\/ii-jornada-de-siembra-de-arroz-en-seco-en-el-delta-del-ebro\/"},"modified":"2017-08-18T00:00:00","modified_gmt":"2017-08-18T00:00:00","slug":"ii-jornada-de-siembra-de-arroz-en-seco-en-el-delta-del-ebro","status":"publish","type":"post","link":"https:\/\/edyprobiotec.com\/en\/ii-jornada-de-siembra-de-arroz-en-seco-en-el-delta-del-ebro\/","title":{"rendered":"II JORNADA DE SIEMBRA DE ARROZ EN SECO EN EL DELTA DEL EBRO"},"content":{"rendered":"<h2 style=\"text-align: center;\"><strong>II\u00a0Jornada de Siembra en Seco en el Delta del Ebro<\/strong><\/h2>\n<p style=\"text-align: justify;\"><strong>Otro a\u00f1o la empresa EBRECULTIUS, S.L. invita a su jornada dedicada a la siembra en seco del arroz.\u00a0<\/strong><\/p>\n<p style=\"text-align: justify;\"><strong>La siembra en seco del arroz es una t\u00e9cnica que utilizan muchos agricultores en Italia, y cada a\u00f1o vemos m\u00e1s productores de arroz de Espa\u00f1a, Francia y Portugal que descubren las ventajas de este m\u00e9todo.\u00a0<\/strong><\/p>\n<p style=\"text-align: justify;\"><strong>Les invitamos a que conozcan las experiencias de campo realizadas bajo la tutela de los t\u00e9cnicos de EBRECULTIUS, S.L.<\/strong><\/p>\n<p style=\"text-align: justify;\">\n<p style=\"text-align: justify;\"><strong>LOS ORGANIZADORES RUEGAN CONFIRMAR SU ASISTENCIA.<\/strong><\/p>\n<p><strong><img decoding=\"async\" style=\"display: block; margin-left: auto; margin-right: auto;\" src=\"\/images\/noticias\/II%20JORNADA%20DE%20SIEMBRA%20EN%20SECO%20\/IMG-20170815-WA0001.jpg\" alt=\"\" \/><\/strong><\/p>\n<p>&nbsp;<\/p>","protected":false},"excerpt":{"rendered":"<p>II\u00a0Jornada de Siembra en Seco en el Delta del Ebro Otro a\u00f1o la empresa EBRECULTIUS, S.L. invita a su jornada dedicada a la siembra en seco del arroz.\u00a0 La siembra en seco del arroz es una t\u00e9cnica que utilizan muchos agricultores en Italia, y cada a\u00f1o vemos m\u00e1s productores de arroz de Espa\u00f1a, Francia y [&hellip;]<\/p>\n","protected":false},"author":1,"featured_media":12524,"comment_status":"closed","ping_status":"closed","sticky":false,"template":"","format":"standard","meta":{"_acf_changed":false,"inline_featured_image":false,"footnotes":""},"categories":[56],"tags":[],"class_list":["post-8961","post","type-post","status-publish","format-standard","has-post-thumbnail","hentry","category-actualidad"],"acf":[],"_links":{"self":[{"href":"https:\/\/edyprobiotec.com\/en\/wp-json\/wp\/v2\/posts\/8961","targetHints":{"allow":["GET"]}}],"collection":[{"href":"https:\/\/edyprobiotec.com\/en\/wp-json\/wp\/v2\/posts"}],"about":[{"href":"https:\/\/edyprobiotec.com\/en\/wp-json\/wp\/v2\/types\/post"}],"author":[{"embeddable":true,"href":"https:\/\/edyprobiotec.com\/en\/wp-json\/wp\/v2\/users\/1"}],"replies":[{"embeddable":true,"href":"https:\/\/edyprobiotec.com\/en\/wp-json\/wp\/v2\/comments?post=8961"}],"version-history":[{"count":0,"href":"https:\/\/edyprobiotec.com\/en\/wp-json\/wp\/v2\/posts\/8961\/revisions"}],"wp:featuredmedia":[{"embeddable":true,"href":"https:\/\/edyprobiotec.com\/en\/wp-json\/wp\/v2\/media\/12524"}],"wp:attachment":[{"href":"https:\/\/edyprobiotec.com\/en\/wp-json\/wp\/v2\/media?parent=8961"}],"wp:term":[{"taxonomy":"category","embeddable":true,"href":"https:\/\/edyprobiotec.com\/en\/wp-json\/wp\/v2\/categories?post=8961"},{"taxonomy":"post_tag","embeddable":true,"href":"https:\/\/edyprobiotec.com\/en\/wp-json\/wp\/v2\/tags?post=8961"}],"curies":[{"name":"wp","href":"https:\/\/api.w.org\/{rel}","templated":true}]}}