{"id":8962,"date":"2017-09-11T00:00:00","date_gmt":"2017-09-11T00:00:00","guid":{"rendered":"https:\/\/www.edypro-online.com\/ultrazinc-nuevo-producto-para-la-agricultura-ecologica-certificado-por-el-caae\/"},"modified":"2017-09-11T00:00:00","modified_gmt":"2017-09-11T00:00:00","slug":"ultrazinc-nuevo-producto-para-la-agricultura-ecologica-certificado-por-el-caae","status":"publish","type":"post","link":"https:\/\/edyprobiotec.com\/en\/ultrazinc-nuevo-producto-para-la-agricultura-ecologica-certificado-por-el-caae\/","title":{"rendered":"ULTRAZINC &#8211; nuevo producto para la agricultura ecol\u00f3gica certificado por el CAAE"},"content":{"rendered":"<p style=\"text-align: justify;\"><span style=\"font-size: 12pt;\">El cultivo ecol\u00f3gico por su espec\u00edfico suele tener deficiencias de diferentes macro y micronutrientes.\u00a0<\/span><\/p>\n<p style=\"text-align: justify;\"><span style=\"font-size: 12pt;\">La disponibilidad de fertilizantes y correctores certificados en agricultura ecol\u00f3gica y con garant\u00eda de su buena asimilaci\u00f3n es un factor determinante no solo de la producci\u00f3n en el cultivo ecol\u00f3gico, pero tambien de la calidad de la cosecha.\u00a0<\/span><\/p>\n<p style=\"text-align: justify;\">\n<p style=\"text-align: justify;\"><span style=\"font-size: 12pt;\">Nos es grato informarle que nuestro\u00a0producto\u00a0especial\u00a0<span style=\"color: #3366ff;\"><a style=\"color: #3366ff;\" href=\"\/en\/productos-fertilizantes-biotecnologicos\/correctores\/ultrazinc\/\" target=\"_blank\" rel=\"noopener noreferrer\"><strong>ULTRAZINC<\/strong><\/a><\/span>\u00a0ha sido\u00a0registrado\u00a0en el <strong>Servicio de Certificaci\u00f3n CAAE<\/strong> como <strong><span style=\"text-decoration: underline;\">producto\u00a0apto\u00a0para la agricultura ecol\u00f3gica<\/span><\/strong>.<\/span><\/p>\n<p style=\"text-align: justify;\"><span style=\"font-size: 12pt;\"><img decoding=\"async\" style=\"display: block; margin-left: auto; margin-right: auto;\" src=\"https:\/\/gallery.mailchimp.com\/c71a5bbbb0ca2b9e16ebe116e\/images\/aa915faf-9d42-405a-b86b-d348ca27b4f4.jpg\" alt=\"\" width=\"239\" height=\"145\" align=\"none\" data-cke-saved-src=\"https:\/\/gallery.mailchimp.com\/c71a5bbbb0ca2b9e16ebe116e\/images\/aa915faf-9d42-405a-b86b-d348ca27b4f4.jpg\" \/><\/span><\/p>\n<p style=\"text-align: justify;\"><span style=\"font-size: 12pt;\"><strong style=\"color: #3366ff;\"><a style=\"color: #3366ff;\" href=\"\/en\/productos-fertilizantes-biotecnologicos\/correctores\/ultrazinc\/\" target=\"_blank\" rel=\"noopener noreferrer\">ULTRAZINC<\/a>\u00a0<\/strong>es un producto especialmente dise\u00f1ado para corregir espec\u00edficamente las carencias de zinc, de r\u00e1pida asimilaci\u00f3n y de acci\u00f3n directa en la prevenci\u00f3n y correcci\u00f3n de la falta de este elemento.<\/span><\/p>\n<p style=\"text-align: justify;\"><span style=\"font-size: 12pt;\">El Zinc que aporta\u00a0<strong><a style=\"color: #3366ff;\" href=\"\/en\/productos-fertilizantes-biotecnologicos\/correctores\/ultrazinc\/\" target=\"_blank\" rel=\"noopener noreferrer\">ULTRAZINC<\/a><\/strong>\u00a0influye directamente en la s\u00edntesis de \u00e1cidos nucleicos y formaci\u00f3n de prote\u00ednas.\u00a0<strong><a style=\"color: #3366ff;\" href=\"\/en\/productos-fertilizantes-biotecnologicos\/correctores\/ultrazinc\/\" target=\"_blank\" rel=\"noopener noreferrer\">ULTRAZINC<\/a><\/strong>\u00a0tiene un\u00a0efecto\u00a0directo sobre la regulaci\u00f3n del crecimiento mediante el control del metabolismo de las auxinas.\u00a0<\/span><\/p>\n<p><span style=\"font-size: 12pt;\">Desde <strong>EDYPRO biotecnolog\u00eda <\/strong>les invitamos conocer m\u00e1s detalles sobre el producto, sus ventajas y modo de aplicaci\u00f3n en nuestra p\u00e1gina Web.<\/span><\/p>\n<div style=\"text-align: justify;\"><span style=\"font-size: 12pt;\">En el siguiente enlace\u00a0puede consultar todos los productos de <strong>EDYPRO biotecnolog\u00eda<\/strong> que ya tienen el registro del CAAE: \u00a0<\/span><\/div>\n<div style=\"text-align: justify;\"><span style=\"font-size: 12pt;\">https:\/\/edyprobiotec.com\/noticias-y-prensa\/productos-para-agricultura-ecologica<\/span><\/div>\n<div><\/div>","protected":false},"excerpt":{"rendered":"<p>El cultivo ecol\u00f3gico por su espec\u00edfico suele tener deficiencias de diferentes macro y micronutrientes.\u00a0 La disponibilidad de fertilizantes y correctores certificados en agricultura ecol\u00f3gica y con garant\u00eda de su buena asimilaci\u00f3n es un factor determinante no solo de la producci\u00f3n en el cultivo ecol\u00f3gico, pero tambien de la calidad de la cosecha.\u00a0 Nos es grato [&hellip;]<\/p>\n","protected":false},"author":1,"featured_media":12525,"comment_status":"closed","ping_status":"closed","sticky":false,"template":"","format":"standard","meta":{"_acf_changed":false,"inline_featured_image":false,"footnotes":""},"categories":[56],"tags":[],"class_list":["post-8962","post","type-post","status-publish","format-standard","has-post-thumbnail","hentry","category-actualidad"],"acf":[],"_links":{"self":[{"href":"https:\/\/edyprobiotec.com\/en\/wp-json\/wp\/v2\/posts\/8962","targetHints":{"allow":["GET"]}}],"collection":[{"href":"https:\/\/edyprobiotec.com\/en\/wp-json\/wp\/v2\/posts"}],"about":[{"href":"https:\/\/edyprobiotec.com\/en\/wp-json\/wp\/v2\/types\/post"}],"author":[{"embeddable":true,"href":"https:\/\/edyprobiotec.com\/en\/wp-json\/wp\/v2\/users\/1"}],"replies":[{"embeddable":true,"href":"https:\/\/edyprobiotec.com\/en\/wp-json\/wp\/v2\/comments?post=8962"}],"version-history":[{"count":0,"href":"https:\/\/edyprobiotec.com\/en\/wp-json\/wp\/v2\/posts\/8962\/revisions"}],"wp:featuredmedia":[{"embeddable":true,"href":"https:\/\/edyprobiotec.com\/en\/wp-json\/wp\/v2\/media\/12525"}],"wp:attachment":[{"href":"https:\/\/edyprobiotec.com\/en\/wp-json\/wp\/v2\/media?parent=8962"}],"wp:term":[{"taxonomy":"category","embeddable":true,"href":"https:\/\/edyprobiotec.com\/en\/wp-json\/wp\/v2\/categories?post=8962"},{"taxonomy":"post_tag","embeddable":true,"href":"https:\/\/edyprobiotec.com\/en\/wp-json\/wp\/v2\/tags?post=8962"}],"curies":[{"name":"wp","href":"https:\/\/api.w.org\/{rel}","templated":true}]}}