{"id":8963,"date":"2017-09-15T00:00:00","date_gmt":"2017-09-15T00:00:00","guid":{"rendered":"https:\/\/www.edypro-online.com\/reporte-ii-jornada-de-siembra-de-arroz-en-seco-en-el-delta-del-ebro\/"},"modified":"2017-09-15T00:00:00","modified_gmt":"2017-09-15T00:00:00","slug":"reporte-ii-jornada-de-siembra-de-arroz-en-seco-en-el-delta-del-ebro","status":"publish","type":"post","link":"https:\/\/edyprobiotec.com\/en\/reporte-ii-jornada-de-siembra-de-arroz-en-seco-en-el-delta-del-ebro\/","title":{"rendered":"REPORTE: II JORNADA DE SIEMBRA DE ARROZ EN SECO EN EL DELTA DEL EBRO"},"content":{"rendered":"<p>El pasado d\u00eda 24 de Agosto en Deltebre se celebr\u00f3 la II Jornada de Siembra de Arroz en Seco organizada por EBRECULTIUS, S.L.<\/p>\n<p>Adem\u00e1s de presentar esta t\u00e9cnica de siembra de arroz, ya conocida y probada por algunos agricultores locales, se han presentado t\u00e9cnicas de manejo de cultivo:<\/p>\n<ul>\n<li>detalles de irrigaci\u00f3n en condiciones adversas,<\/li>\n<li>control de malas hierbas,<\/li>\n<li>momentos de fertilizaci\u00f3n,<\/li>\n<li>variedades de arroz que se adaptan bien al clima de la zona,<\/li>\n<li>el comportamiento de las variedades h\u00edbridas de arroz sembradas en seco,<\/li>\n<li>estimulaci\u00f3n de los factores productivos del genoma de la planta para evitar p\u00e9rdidas de producci\u00f3n por factores desfavorables.<\/li>\n<\/ul>\n<p>En el video siguiente pueden ver una parte de la presentaci\u00f3n que hizo el Director T\u00e9cnico de EDYPRO bas\u00e1ndose en su experiencia de manejo de arroces en todas las zonas arroceras de Espa\u00f1a, en Portugal, Francia, Italia y Uruguay.<\/p>\n<p style=\"text-align: center;\"><iframe src=\"https:\/\/www.youtube.com\/embed\/5WmukYuwWag\" width=\"560\" height=\"315\" frameborder=\"0\" allowfullscreen=\"allowfullscreen\"><\/iframe><\/p>\n<p>Vean el foto reportaje de la jornada:<\/p>\n<p style=\"text-align: center;\"><iframe src=\"https:\/\/www.youtube.com\/embed\/WHsdr4kiUvc\" width=\"560\" height=\"315\" frameborder=\"0\" allowfullscreen=\"allowfullscreen\"><\/iframe><\/p>\n<p>Desde EDYPRO agradecemos al equipo de EBRECULTIUS, S.L. el excelente trabajo en la organizaci\u00f3n de este evento tan enriquecedor para los productores de arroz y esperamos que sus clientes apliquen las t\u00e9cnicas demostradas en los campos vitrina.<\/p>","protected":false},"excerpt":{"rendered":"<p>El pasado d\u00eda 24 de Agosto en Deltebre se celebr\u00f3 la II Jornada de Siembra de Arroz en Seco organizada por EBRECULTIUS, S.L. Adem\u00e1s de presentar esta t\u00e9cnica de siembra de arroz, ya conocida y probada por algunos agricultores locales, se han presentado t\u00e9cnicas de manejo de cultivo: detalles de irrigaci\u00f3n en condiciones adversas, control [&hellip;]<\/p>\n","protected":false},"author":1,"featured_media":12526,"comment_status":"closed","ping_status":"closed","sticky":false,"template":"","format":"standard","meta":{"_acf_changed":false,"inline_featured_image":false,"footnotes":""},"categories":[56],"tags":[],"class_list":["post-8963","post","type-post","status-publish","format-standard","has-post-thumbnail","hentry","category-actualidad"],"acf":[],"_links":{"self":[{"href":"https:\/\/edyprobiotec.com\/en\/wp-json\/wp\/v2\/posts\/8963","targetHints":{"allow":["GET"]}}],"collection":[{"href":"https:\/\/edyprobiotec.com\/en\/wp-json\/wp\/v2\/posts"}],"about":[{"href":"https:\/\/edyprobiotec.com\/en\/wp-json\/wp\/v2\/types\/post"}],"author":[{"embeddable":true,"href":"https:\/\/edyprobiotec.com\/en\/wp-json\/wp\/v2\/users\/1"}],"replies":[{"embeddable":true,"href":"https:\/\/edyprobiotec.com\/en\/wp-json\/wp\/v2\/comments?post=8963"}],"version-history":[{"count":0,"href":"https:\/\/edyprobiotec.com\/en\/wp-json\/wp\/v2\/posts\/8963\/revisions"}],"wp:featuredmedia":[{"embeddable":true,"href":"https:\/\/edyprobiotec.com\/en\/wp-json\/wp\/v2\/media\/12526"}],"wp:attachment":[{"href":"https:\/\/edyprobiotec.com\/en\/wp-json\/wp\/v2\/media?parent=8963"}],"wp:term":[{"taxonomy":"category","embeddable":true,"href":"https:\/\/edyprobiotec.com\/en\/wp-json\/wp\/v2\/categories?post=8963"},{"taxonomy":"post_tag","embeddable":true,"href":"https:\/\/edyprobiotec.com\/en\/wp-json\/wp\/v2\/tags?post=8963"}],"curies":[{"name":"wp","href":"https:\/\/api.w.org\/{rel}","templated":true}]}}