{"id":8966,"date":"2018-04-06T00:00:00","date_gmt":"2018-04-06T00:00:00","guid":{"rendered":"https:\/\/www.edypro-online.com\/la-2a-reunion-del-proyecto-tomres\/"},"modified":"2018-04-06T00:00:00","modified_gmt":"2018-04-06T00:00:00","slug":"la-2a-reunion-del-proyecto-tomres","status":"publish","type":"post","link":"https:\/\/edyprobiotec.com\/en\/la-2a-reunion-del-proyecto-tomres\/","title":{"rendered":"La 2\u00aa reuni\u00f3n del Proyecto TOMRES"},"content":{"rendered":"<p>Los pasados d\u00edas 21 a 23 de Marzo en Ljubljiana (Eslovenia) se celebr\u00f3 la 2\u00aa reuni\u00f3n del <strong>Proyecto TOMRES<\/strong>.<\/p>\n<p>El objetivo principal de este evento ha sido informar a todos los partners de la evoluci\u00f3n del Proyecto.<\/p>\n<p>Asimismo, ha participado algunos representantes de las Partes Interesadas y miembros del Consejo Asesor para participar en la reuni\u00f3n para ayudar a la asociaci\u00f3n para alcanzar los objetivos TOMRES.<\/p>\n<div><\/div>\n<div>\n<p><img decoding=\"async\" style=\"display: block; margin-left: auto; margin-right: auto;\" src=\"\/images\/noticias\/TOMRES\/Foto%20del%20Grupo%20reuni%C3%B3n%20Marzo%202018.jpg\" alt=\"\" width=\"600\" \/><\/p>\n<p><img decoding=\"async\" style=\"display: block; margin-left: auto; margin-right: auto;\" src=\"\/images\/noticias\/TOMRES\/Reunion%20Marzo%202018.jpg\" alt=\"\" width=\"600\" \/><\/p>\n<\/div>","protected":false},"excerpt":{"rendered":"<p>Los pasados d\u00edas 21 a 23 de Marzo en Ljubljiana (Eslovenia) se celebr\u00f3 la 2\u00aa reuni\u00f3n del Proyecto TOMRES. El objetivo principal de este evento ha sido informar a todos los partners de la evoluci\u00f3n del Proyecto. Asimismo, ha participado algunos representantes de las Partes Interesadas y miembros del Consejo Asesor para participar en la [&hellip;]<\/p>\n","protected":false},"author":1,"featured_media":12529,"comment_status":"closed","ping_status":"closed","sticky":false,"template":"","format":"standard","meta":{"_acf_changed":false,"inline_featured_image":false,"footnotes":""},"categories":[56],"tags":[],"class_list":["post-8966","post","type-post","status-publish","format-standard","has-post-thumbnail","hentry","category-actualidad"],"acf":[],"_links":{"self":[{"href":"https:\/\/edyprobiotec.com\/en\/wp-json\/wp\/v2\/posts\/8966","targetHints":{"allow":["GET"]}}],"collection":[{"href":"https:\/\/edyprobiotec.com\/en\/wp-json\/wp\/v2\/posts"}],"about":[{"href":"https:\/\/edyprobiotec.com\/en\/wp-json\/wp\/v2\/types\/post"}],"author":[{"embeddable":true,"href":"https:\/\/edyprobiotec.com\/en\/wp-json\/wp\/v2\/users\/1"}],"replies":[{"embeddable":true,"href":"https:\/\/edyprobiotec.com\/en\/wp-json\/wp\/v2\/comments?post=8966"}],"version-history":[{"count":0,"href":"https:\/\/edyprobiotec.com\/en\/wp-json\/wp\/v2\/posts\/8966\/revisions"}],"wp:featuredmedia":[{"embeddable":true,"href":"https:\/\/edyprobiotec.com\/en\/wp-json\/wp\/v2\/media\/12529"}],"wp:attachment":[{"href":"https:\/\/edyprobiotec.com\/en\/wp-json\/wp\/v2\/media?parent=8966"}],"wp:term":[{"taxonomy":"category","embeddable":true,"href":"https:\/\/edyprobiotec.com\/en\/wp-json\/wp\/v2\/categories?post=8966"},{"taxonomy":"post_tag","embeddable":true,"href":"https:\/\/edyprobiotec.com\/en\/wp-json\/wp\/v2\/tags?post=8966"}],"curies":[{"name":"wp","href":"https:\/\/api.w.org\/{rel}","templated":true}]}}