{"id":8967,"date":"2018-08-09T00:00:00","date_gmt":"2018-08-09T00:00:00","guid":{"rendered":"https:\/\/www.edypro-online.com\/edypro-participara-en-la-xxv-jornada-de-campo-de-arroz\/"},"modified":"2018-08-09T00:00:00","modified_gmt":"2018-08-09T00:00:00","slug":"edypro-participara-en-la-xxv-jornada-de-campo-de-arroz","status":"publish","type":"post","link":"https:\/\/edyprobiotec.com\/en\/edypro-participara-en-la-xxv-jornada-de-campo-de-arroz\/","title":{"rendered":"EDYPRO participar\u00e1 en la XXV Jornada de Campo de Arroz"},"content":{"rendered":"<p>El pr\u00f3ximo jueves 30 de Agosto, <span id=\"result_box\" class=\"\" lang=\"en\"><span class=\"\"><strong>EDYPRO<\/strong> <\/span><\/span>participar\u00e1 en la XXV Jornada de Campo de Arroz.<\/p>\n<p>A las 9h de la ma\u00f1ana os esperamos en la Estaci\u00f3n Experimental del Ebro del IRTA.<\/p>\n<p><span id=\"result_box\" class=\"\" lang=\"en\"><span class=\"\"><strong>EDYPRO<\/strong> <\/span><\/span>mostrar\u00e1 a todos los participantes los resultados de las aplicaciones realizadas con sus productos biotecnol\u00f3gicos en el cultivo del arroz.<\/p>\n<p>No olvid\u00e9is apuntaros para una mejor organizaci\u00f3n del evento: Pod\u00e9is hacerlo a trav\u00e9s del siguiente enlace: <em><a href=\"https:\/\/docs.google.com\/forms\/d\/e\/1FAIpQLSeYlpfGihXLQDjyd6NJmNEoJ01zbzeDjza0so3EaRxW_mac6g\/viewform\">inscripci\u00f3n jornada<\/a><\/em><\/p>\n<p>Os esperamos,<\/p>","protected":false},"excerpt":{"rendered":"<p>El pr\u00f3ximo jueves 30 de Agosto, EDYPRO participar\u00e1 en la XXV Jornada de Campo de Arroz. A las 9h de la ma\u00f1ana os esperamos en la Estaci\u00f3n Experimental del Ebro del IRTA. EDYPRO mostrar\u00e1 a todos los participantes los resultados de las aplicaciones realizadas con sus productos biotecnol\u00f3gicos en el cultivo del arroz. No olvid\u00e9is [&hellip;]<\/p>\n","protected":false},"author":1,"featured_media":12530,"comment_status":"closed","ping_status":"closed","sticky":false,"template":"","format":"standard","meta":{"_acf_changed":false,"inline_featured_image":false,"footnotes":""},"categories":[56],"tags":[],"class_list":["post-8967","post","type-post","status-publish","format-standard","has-post-thumbnail","hentry","category-actualidad"],"acf":[],"_links":{"self":[{"href":"https:\/\/edyprobiotec.com\/en\/wp-json\/wp\/v2\/posts\/8967","targetHints":{"allow":["GET"]}}],"collection":[{"href":"https:\/\/edyprobiotec.com\/en\/wp-json\/wp\/v2\/posts"}],"about":[{"href":"https:\/\/edyprobiotec.com\/en\/wp-json\/wp\/v2\/types\/post"}],"author":[{"embeddable":true,"href":"https:\/\/edyprobiotec.com\/en\/wp-json\/wp\/v2\/users\/1"}],"replies":[{"embeddable":true,"href":"https:\/\/edyprobiotec.com\/en\/wp-json\/wp\/v2\/comments?post=8967"}],"version-history":[{"count":0,"href":"https:\/\/edyprobiotec.com\/en\/wp-json\/wp\/v2\/posts\/8967\/revisions"}],"wp:featuredmedia":[{"embeddable":true,"href":"https:\/\/edyprobiotec.com\/en\/wp-json\/wp\/v2\/media\/12530"}],"wp:attachment":[{"href":"https:\/\/edyprobiotec.com\/en\/wp-json\/wp\/v2\/media?parent=8967"}],"wp:term":[{"taxonomy":"category","embeddable":true,"href":"https:\/\/edyprobiotec.com\/en\/wp-json\/wp\/v2\/categories?post=8967"},{"taxonomy":"post_tag","embeddable":true,"href":"https:\/\/edyprobiotec.com\/en\/wp-json\/wp\/v2\/tags?post=8967"}],"curies":[{"name":"wp","href":"https:\/\/api.w.org\/{rel}","templated":true}]}}