{"id":9069,"date":"2019-02-24T08:57:07","date_gmt":"2019-02-24T08:57:07","guid":{"rendered":"https:\/\/www.edypro-online.com\/?p=9069"},"modified":"2019-02-24T08:57:07","modified_gmt":"2019-02-24T08:57:07","slug":"oferta-de-empleo-en-almeria","status":"publish","type":"post","link":"https:\/\/edyprobiotec.com\/en\/oferta-de-empleo-en-almeria\/","title":{"rendered":"Oferta de empleo en Almer\u00eda"},"content":{"rendered":"<h1 style=\"text-align: center;\"><span id=\"ember4364\" class=\"ember-view\">\u00a1OFERTA DE EMPLEO EN ALMER\u00cdA!!! <\/span><\/h1>\n<p><span id=\"ember4364\" class=\"ember-view\">Desde <strong>EDYPRO Biotecnolog\u00eda<\/strong>, empresa dedicada a la investigaci\u00f3n, desarrollo y fabricaci\u00f3n de productos biotecnol\u00f3gicos para agricultura, queremos incorporar a nuestro equipo t\u00e9cnico y comercial y en dependencias de la direcci\u00f3n de ventas y marketing, un perfil agron\u00f3mico con experiencia en el sector, conocimiento del mercado agr\u00edcola en la regi\u00f3n de Almer\u00eda (zona de cultivo bajo abrigo)\u00a0con dotes comerciales para gestionar y potenciar el mercado de la empresa en dicha regi\u00f3n. <\/span><\/p>\n<p><span id=\"ember4364\" class=\"ember-view\">Muy importante el conocimiento t\u00e9cnico de los cultivos m\u00e1s representativos de la zona.<\/span><\/p>\n<div>\n<blockquote><p>&nbsp;<\/p>\n<p><strong>REQUISITOS:<\/strong><\/p>\n<p>-Titulados en Ingenier\u00eda agr\u00f3noma o T\u00e9cnicos Agr\u00edcolas.<\/p>\n<p>-Experiencia m\u00ednima en el sector de 1 a\u00f1o.<\/p>\n<p>-Conocimiento de los cultivos de hort\u00edcolas bajo abrigo, agricultores y distribuidores de la Regi\u00f3n.<\/p>\n<p>-Dotes comerciales y t\u00e9cnicas.<\/p>\n<p>-Capacidad negociadora.<\/p>\n<p>-Carnet de conducir B.<\/p>\n<p>&nbsp;<\/p>\n<p><strong>CONDICIONES:<\/strong><\/p>\n<p>-Remuneraci\u00f3n Fija + Variable + Plus anual<\/p>\n<p>-Tablet<\/p>\n<p>-Compensaci\u00f3n de gastos.<\/p><\/blockquote>\n<\/div>\n<p>&nbsp;<\/p>\n<p>&nbsp;<\/p>\n<p><span id=\"ember4364\" class=\"ember-view\">\u00a1\u00a1\u00a1Env\u00edanos tu CV al correo <a href=\"\/en\/accesoweb\/marketingyventas@edypro-online.com\/\">marketingy<\/a><\/span><a href=\"\/en\/accesoweb\/marketingyventas@edypro-online.com\/\">ventas@edypro-online.com<\/a><span id=\"ember4372\" class=\"ember-view\">!<\/span><\/p>","protected":false},"excerpt":{"rendered":"<p>\u00a1OFERTA DE EMPLEO EN ALMER\u00cdA!!! Desde EDYPRO Biotecnolog\u00eda, empresa dedicada a la investigaci\u00f3n, desarrollo y fabricaci\u00f3n de productos biotecnol\u00f3gicos para agricultura, queremos incorporar a nuestro equipo t\u00e9cnico y comercial y en dependencias de la direcci\u00f3n de ventas y marketing, un perfil agron\u00f3mico con experiencia en el sector, conocimiento del mercado agr\u00edcola en la regi\u00f3n de [&hellip;]<\/p>\n","protected":false},"author":1,"featured_media":0,"comment_status":"open","ping_status":"open","sticky":false,"template":"","format":"standard","meta":{"_acf_changed":false,"inline_featured_image":false,"footnotes":""},"categories":[65],"tags":[],"class_list":["post-9069","post","type-post","status-publish","format-standard","hentry","category-ofertas-de-empleo"],"acf":[],"_links":{"self":[{"href":"https:\/\/edyprobiotec.com\/en\/wp-json\/wp\/v2\/posts\/9069","targetHints":{"allow":["GET"]}}],"collection":[{"href":"https:\/\/edyprobiotec.com\/en\/wp-json\/wp\/v2\/posts"}],"about":[{"href":"https:\/\/edyprobiotec.com\/en\/wp-json\/wp\/v2\/types\/post"}],"author":[{"embeddable":true,"href":"https:\/\/edyprobiotec.com\/en\/wp-json\/wp\/v2\/users\/1"}],"replies":[{"embeddable":true,"href":"https:\/\/edyprobiotec.com\/en\/wp-json\/wp\/v2\/comments?post=9069"}],"version-history":[{"count":0,"href":"https:\/\/edyprobiotec.com\/en\/wp-json\/wp\/v2\/posts\/9069\/revisions"}],"wp:attachment":[{"href":"https:\/\/edyprobiotec.com\/en\/wp-json\/wp\/v2\/media?parent=9069"}],"wp:term":[{"taxonomy":"category","embeddable":true,"href":"https:\/\/edyprobiotec.com\/en\/wp-json\/wp\/v2\/categories?post=9069"},{"taxonomy":"post_tag","embeddable":true,"href":"https:\/\/edyprobiotec.com\/en\/wp-json\/wp\/v2\/tags?post=9069"}],"curies":[{"name":"wp","href":"https:\/\/api.w.org\/{rel}","templated":true}]}}