{"id":9076,"date":"2019-01-16T00:00:00","date_gmt":"2019-01-16T00:00:00","guid":{"rendered":"https:\/\/www.edypro-online.com\/entrevista-a-cristobal-perez-socio-e-ingeniero-tecnico-agricola-en-cerrillo-y-perez-s-l\/"},"modified":"2019-01-16T00:00:00","modified_gmt":"2019-01-16T00:00:00","slug":"entrevista-a-cristobal-perez-socio-e-ingeniero-tecnico-agricola-en-cerrillo-y-perez-s-l","status":"publish","type":"post","link":"https:\/\/edyprobiotec.com\/en\/entrevista-a-cristobal-perez-socio-e-ingeniero-tecnico-agricola-en-cerrillo-y-perez-s-l\/","title":{"rendered":"Entrevista a Crist\u00f3bal P\u00e9rez, socio e ingeniero t\u00e9cnico agr\u00edcola en Cerrillo y P\u00e9rez, S.L."},"content":{"rendered":"<p style=\"text-align: justify;\">Crist\u00f3bal P\u00e9rez no duda en afirmar que gracias a <strong>EDYPRO<\/strong> su empresa ha conseguido grandes resultados. Desde <span style=\"color: #008000;\"><a style=\"color: #008000;\" href=\"https:\/\/www.facebook.com\/cerrilloyperez\/\" target=\"_blank\" rel=\"noopener noreferrer\"><strong>Cerrillo y P\u00e9rez<\/strong><\/a><\/span> asesoran a los agricultores para mejorar sus cultivos no solo con la venta de productos, tambi\u00e9n aconsejando sobre manejo de cultivo. Y esta forma de trabajar cuadra perfectamente con la filosof\u00eda de <strong>EDYPRO<\/strong>.<\/p>\n<ul style=\"text-align: justify;\">\n<li><strong>\u00bfC\u00f3mo conoci\u00f3 los productos de EDYPRO?<\/strong><\/li>\n<\/ul>\n<p style=\"text-align: justify;\">Los conoc\u00ed a trav\u00e9s de Vicente hace m\u00e1s de 15 a\u00f1os. Recuerdo que el primero que prob\u00e9 fue <span style=\"color: #800080;\"><strong><a style=\"color: #800080;\" href=\"\/en\/productos-fertilizantes-biotecnologicos\/biotecnologia-en-valencia\/procuaje-radicular_1\/\" target=\"_blank\" rel=\"noopener noreferrer\">PROCUAJE RADICULAR<\/a><\/strong><\/span>. Nos di\u00f3 unos excelentes resultados y, poco a poco, fuimos incorporando m\u00e1s productos.<\/p>\n<p style=\"text-align: justify;\">Cada vez que aparece una nueva soluci\u00f3n de <strong>EDYPRO<\/strong>, la probamos. Siempre hemos obtenido buenos resultados.<\/p>\n<ul style=\"text-align: justify;\">\n<li><strong>\u00bfCon qu\u00e9 productos trabajan m\u00e1s?<\/strong><\/li>\n<\/ul>\n<p style=\"text-align: justify;\">Trabajamos casi todo el cat\u00e1logo, pero los m\u00e1s conocidos y quiz\u00e1s los que m\u00e1s satisfacciones nos han dado son <span style=\"color: #ff0000;\"><strong><a style=\"color: #ff0000;\" href=\"\/en\/productos-fertilizantes-biotecnologicos\/generadores-autodefensa\/coupe-regeneracion-plus\/\" target=\"_blank\" rel=\"noopener noreferrer\"><span style=\"color: #000080;\">COUP\u00c9 REGENERACI\u00d3N<\/span> Plus<\/a><\/strong><\/span>, <strong><a style=\"color: #800080;\" href=\"\/en\/productos-fertilizantes-biotecnologicos\/biotecnologia-en-valencia\/procuaje-radicular_1\/\" target=\"_blank\" rel=\"noopener noreferrer\">PROCUAJE RADICULAR<\/a><\/strong>\u00a0y <strong><span style=\"color: #000080;\"><a style=\"color: #000080;\" href=\"\/en\/productos-fertilizantes-biotecnologicos\/estimulantes\/estimulantes-engorde\/edyfruit-engorde-radicular\/\" target=\"_blank\" rel=\"noopener noreferrer\">EDYFRUIT ENGORDE RADICULAR<\/a><\/span><\/strong>. Estos tres son capaces por s\u00ed solos de reconducir cualquier cultivo con dificultades.<\/p>\n<ul style=\"text-align: justify;\">\n<li><strong>\u00bfEn esta \u00e9poca a qu\u00e9 cultivo dedica m\u00e1s atenci\u00f3n y por qu\u00e9?<\/strong><\/li>\n<\/ul>\n<p style=\"text-align: justify;\">A partir de ahora la m\u00e1xima atenci\u00f3n van a requerir mel\u00f3n y sandia, que ya se empiezan a trasplantar. Son dos cultivos muy importantes para la zona. La clave de estos cultivos radica en el momento de la floraci\u00f3n y el cuaje. Las plantas han de llegar al momento del cuajado con un equilibrio vegetativo y de floraci\u00f3n adecuado, con la mayor cantidad de flor hembra posible y con las flores macho cargadas de un polen de gran calidad. A partir de ah\u00ed, dejar trabajar a las abejas y facilitarles su labor.<\/p>\n<p style=\"text-align: justify;\">Para todo esto, yo me apoyo en los productos de <strong>EDYPRO<\/strong>. Con <strong><a style=\"color: #ff0000;\" href=\"\/en\/productos-fertilizantes-biotecnologicos\/generadores-autodefensa\/coupe-regeneracion-plus\/\" target=\"_blank\" rel=\"noopener noreferrer\"><span style=\"color: #000080;\">COUP\u00c9 REGENERACI\u00d3N<\/span> Plus<\/a><\/strong>\u00a0y <span style=\"color: #000080;\"><strong><a style=\"color: #000080;\" href=\"\/en\/productos-fertilizantes-biotecnologicos\/estimulantes\/estimulantes-desarrollo\/edypro-enraizante\/\" target=\"_blank\" rel=\"noopener noreferrer\">ENRAIZANTE ESPECIAL<\/a><\/strong><\/span>, en las primeras fases del cultivo, con <strong><a style=\"color: #800080;\" href=\"\/en\/productos-fertilizantes-biotecnologicos\/biotecnologia-en-valencia\/procuaje-radicular_1\/\" target=\"_blank\" rel=\"noopener noreferrer\">PROCUAJE RADICULAR<\/a><\/strong>\u00a0antes de introducir las colmenas y <strong><a style=\"color: #000080;\" href=\"\/en\/productos-fertilizantes-biotecnologicos\/estimulantes\/estimulantes-engorde\/edyfruit-engorde-radicular\/\" target=\"_blank\" rel=\"noopener noreferrer\">EDYFRUIT ENGORDE RADICULAR<\/a><\/strong> para conseguir una gran uniformidad de los frutos y calibres y que sean muy dulces y consistentes. Finalmente, adelanto el punto \u00f3ptimo de recolecci\u00f3n con <span style=\"color: #800000;\"><strong><a style=\"color: #800000;\" href=\"\/en\/productos-fertilizantes-biotecnologicos\/estimulantes\/estimulantes-engorde\/madur-fruit-radicular\/\" target=\"_blank\" rel=\"noopener noreferrer\">MADUR FRUIT RADICULAR<\/a><\/strong><\/span>.<\/p>\n<p style=\"text-align: justify;\">Las frutas que obtenemos as\u00ed est\u00e1n libres de residuos, sin hormonas ni sustancias t\u00f3xicas. Vamos, que \u201cnos los quitan de las manos\u201d (r\u00ede).<\/p>\n<ul style=\"text-align: justify;\">\n<li><strong>\u00bfQu\u00e9 diferencia a EDYPRO del resto?<\/strong><\/li>\n<\/ul>\n<p style=\"text-align: justify;\">Mientras casi todos los fabricantes de fertilizantes se afanan en conseguir mayor calidad de nutrientes, <strong>EDYPRO<\/strong> ha ido dos pasos por delante, han conseguido aplicar la biotecnolog\u00eda a la agricultura de una manera f\u00e1cil, limpia y respetuosa con el medio ambiente, sin residuos ni hormonas.<\/p>\n<p style=\"text-align: justify;\">Adem\u00e1s, Vicente nos ha ayudado a conocer bien sus productos. No conozco a nadie capaz de interpretar las necesidades de un cultivo como \u00e9l. Te sorprende, porque donde el agricultor ve un problema, \u00e9l analiza y da soluciones, aporta optimismo y, como consigue resultados, hace funcionar el \u201cboca a boca\u201d.<\/p>\n<p style=\"text-align: justify;\">Aqu\u00ed, era una marca desconocida y se ha dado a conocer haciendo campo, buscando fincas con problemas, que es donde m\u00e1s claramente se ve la eficacia de los productos.<\/p>\n<p style=\"text-align: justify;\">Gracias al trabajo de todo el equipo, nuestros clientes est\u00e1n satisfechos y conf\u00edan plenamente en nuestras recomendaciones. Hemos llegado a m\u00e1s clientes y fidelizado los que ya ten\u00edamos.<\/p>\n<ul style=\"text-align: justify;\">\n<li><strong>\u00bfCu\u00e9ntenos alg\u00fan caso en el que EDYPRO haya supuesto un antes y un despu\u00e9s en un cultivo?<\/strong><\/li>\n<\/ul>\n<p style=\"text-align: justify;\">Tenemos muchas experiencias. La gente nos suele buscar cuando est\u00e1 desesperada y no encuentra una soluci\u00f3n. Hace un par de a\u00f1os Vicente dio una charla y al finalizar un agricultor amigo de uno de nuestros clientes nos pidi\u00f3 que fu\u00e9ramos a ver su finca.<\/p>\n<p style=\"text-align: justify;\">Hab\u00eda comprado una finca de naranjos, los hab\u00eda arrancado y hab\u00eda construido un invernadero y plantado pimientos. Cuando llegamos nos encontramos con una plantaci\u00f3n muy irregular, con grandes zonas de plantas marchit\u00e1ndose y otras con mayor altura, pero tambi\u00e9n con mala pinta.<\/p>\n<p style=\"text-align: justify;\">El agricultor estaba muy preocupado porque hab\u00eda invertido mucho dinero all\u00ed y pensaba que tendr\u00eda que arrancar. Analizamos la situaci\u00f3n y le recomendamos un plan de actuaci\u00f3n v\u00eda riego y foliar, aportando oxigenaci\u00f3n al suelo y nutrici\u00f3n a la planta. Le asesoramos en cuanto a manejo del cultivo y recomendamos c\u00f3mo usar correctamente los productos de <strong>EDYPRO<\/strong>. A los quince d\u00edas aquello empez\u00f3 a dar muestras de mejora y en un mes no parec\u00edan los mismos.<\/p>\n<p style=\"text-align: justify;\">La cosecha aguant\u00f3, mejor\u00f3 y sali\u00f3 adelante. Ahora sin duda usa los productos de <strong>EDYPRO<\/strong>.<\/p>","protected":false},"excerpt":{"rendered":"<p>Crist\u00f3bal P\u00e9rez no duda en afirmar que gracias a EDYPRO su empresa ha conseguido grandes resultados. Desde Cerrillo y P\u00e9rez asesoran a los agricultores para mejorar sus cultivos no solo con la venta de productos, tambi\u00e9n aconsejando sobre manejo de cultivo. Y esta forma de trabajar cuadra perfectamente con la filosof\u00eda de EDYPRO. \u00bfC\u00f3mo conoci\u00f3 [&hellip;]<\/p>\n","protected":false},"author":1,"featured_media":12534,"comment_status":"closed","ping_status":"closed","sticky":false,"template":"","format":"standard","meta":{"_acf_changed":false,"inline_featured_image":false,"footnotes":""},"categories":[56],"tags":[],"class_list":["post-9076","post","type-post","status-publish","format-standard","has-post-thumbnail","hentry","category-actualidad"],"acf":[],"_links":{"self":[{"href":"https:\/\/edyprobiotec.com\/en\/wp-json\/wp\/v2\/posts\/9076","targetHints":{"allow":["GET"]}}],"collection":[{"href":"https:\/\/edyprobiotec.com\/en\/wp-json\/wp\/v2\/posts"}],"about":[{"href":"https:\/\/edyprobiotec.com\/en\/wp-json\/wp\/v2\/types\/post"}],"author":[{"embeddable":true,"href":"https:\/\/edyprobiotec.com\/en\/wp-json\/wp\/v2\/users\/1"}],"replies":[{"embeddable":true,"href":"https:\/\/edyprobiotec.com\/en\/wp-json\/wp\/v2\/comments?post=9076"}],"version-history":[{"count":0,"href":"https:\/\/edyprobiotec.com\/en\/wp-json\/wp\/v2\/posts\/9076\/revisions"}],"wp:featuredmedia":[{"embeddable":true,"href":"https:\/\/edyprobiotec.com\/en\/wp-json\/wp\/v2\/media\/12534"}],"wp:attachment":[{"href":"https:\/\/edyprobiotec.com\/en\/wp-json\/wp\/v2\/media?parent=9076"}],"wp:term":[{"taxonomy":"category","embeddable":true,"href":"https:\/\/edyprobiotec.com\/en\/wp-json\/wp\/v2\/categories?post=9076"},{"taxonomy":"post_tag","embeddable":true,"href":"https:\/\/edyprobiotec.com\/en\/wp-json\/wp\/v2\/tags?post=9076"}],"curies":[{"name":"wp","href":"https:\/\/api.w.org\/{rel}","templated":true}]}}