{"id":9077,"date":"2019-01-23T00:00:00","date_gmt":"2019-01-23T00:00:00","guid":{"rendered":"https:\/\/www.edypro-online.com\/edypro-se-ha-acogido-a-las-ayudas-dentro-del-proyecto-digitaliza-2017-para-la-implantacion-de-un-entrono-erpcrm-integral\/"},"modified":"2019-01-23T00:00:00","modified_gmt":"2019-01-23T00:00:00","slug":"edypro-se-ha-acogido-a-las-ayudas-dentro-del-proyecto-digitaliza-2017-para-la-implantacion-de-un-entrono-erpcrm-integral","status":"publish","type":"post","link":"https:\/\/edyprobiotec.com\/en\/edypro-se-ha-acogido-a-las-ayudas-dentro-del-proyecto-digitaliza-2017-para-la-implantacion-de-un-entrono-erpcrm-integral\/","title":{"rendered":"EDYPRO se ha acogido a las ayudas dentro del Proyecto DIGITALIZA 2017 para la implantaci\u00f3n de un entrono ERP+CRM integral."},"content":{"rendered":"<p>EDYPRO en su plan de optimizaci\u00f3n de procesos internos decidi\u00f3 dar un paso firme y profundizar en la digitalizaci\u00f3n dentro de nuestra organizaci\u00f3n. Para ello se acogi\u00f3 a las ayudas anunciadas por IVACE en Noviembre del 2017. Este Proyecto iba destinado a las empresas que necesitar\u00e1n implementar soluciones digitales para innovar sus procesos y esta cofinanciado por el IVACE y el Fondo Europeo de Desarrollo Regional (FEDER).<\/p>\n<p>Los objetivos conseguidos, conforme a lo previsto, han sido los siguientes:<\/p>\n<ul>\n<li>Sistematizar la informaci\u00f3n interna en un entorno global,<\/li>\n<li>Dinamizar los procesos de trazabilidad y gesti\u00f3n de datos necesarios para el Departamento Comercial,<\/li>\n<li>Mejora de la calidad de los datos obtenidos,<\/li>\n<li>Mejora de estad\u00edsticas econ\u00f3micas, financieras y comerciales,<\/li>\n<li>Agilizar los procesos de seguimiento y an\u00e1lisis de ventas.<\/li>\n<\/ul>\n<p><img decoding=\"async\" style=\"display: block; margin-left: auto; margin-right: auto;\" src=\"\/images\/logos\/FEDER+Ivace+Declaracion-CS.png\" alt=\"\" height=\"150\" \/><\/p>\n<p>&nbsp;<\/p>","protected":false},"excerpt":{"rendered":"<p>EDYPRO en su plan de optimizaci\u00f3n de procesos internos decidi\u00f3 dar un paso firme y profundizar en la digitalizaci\u00f3n dentro de nuestra organizaci\u00f3n. Para ello se acogi\u00f3 a las ayudas anunciadas por IVACE en Noviembre del 2017. Este Proyecto iba destinado a las empresas que necesitar\u00e1n implementar soluciones digitales para innovar sus procesos y esta [&hellip;]<\/p>\n","protected":false},"author":1,"featured_media":12535,"comment_status":"closed","ping_status":"closed","sticky":false,"template":"","format":"standard","meta":{"_acf_changed":false,"inline_featured_image":false,"footnotes":""},"categories":[56],"tags":[],"class_list":["post-9077","post","type-post","status-publish","format-standard","has-post-thumbnail","hentry","category-actualidad"],"acf":[],"_links":{"self":[{"href":"https:\/\/edyprobiotec.com\/en\/wp-json\/wp\/v2\/posts\/9077","targetHints":{"allow":["GET"]}}],"collection":[{"href":"https:\/\/edyprobiotec.com\/en\/wp-json\/wp\/v2\/posts"}],"about":[{"href":"https:\/\/edyprobiotec.com\/en\/wp-json\/wp\/v2\/types\/post"}],"author":[{"embeddable":true,"href":"https:\/\/edyprobiotec.com\/en\/wp-json\/wp\/v2\/users\/1"}],"replies":[{"embeddable":true,"href":"https:\/\/edyprobiotec.com\/en\/wp-json\/wp\/v2\/comments?post=9077"}],"version-history":[{"count":0,"href":"https:\/\/edyprobiotec.com\/en\/wp-json\/wp\/v2\/posts\/9077\/revisions"}],"wp:featuredmedia":[{"embeddable":true,"href":"https:\/\/edyprobiotec.com\/en\/wp-json\/wp\/v2\/media\/12535"}],"wp:attachment":[{"href":"https:\/\/edyprobiotec.com\/en\/wp-json\/wp\/v2\/media?parent=9077"}],"wp:term":[{"taxonomy":"category","embeddable":true,"href":"https:\/\/edyprobiotec.com\/en\/wp-json\/wp\/v2\/categories?post=9077"},{"taxonomy":"post_tag","embeddable":true,"href":"https:\/\/edyprobiotec.com\/en\/wp-json\/wp\/v2\/tags?post=9077"}],"curies":[{"name":"wp","href":"https:\/\/api.w.org\/{rel}","templated":true}]}}