{"id":9079,"date":"2019-02-04T00:00:00","date_gmt":"2019-02-04T00:00:00","guid":{"rendered":"https:\/\/www.edypro-online.com\/entrevista-a-javier-ribelles-gerente-de-servicios-agricolas-fruteq\/"},"modified":"2019-02-04T00:00:00","modified_gmt":"2019-02-04T00:00:00","slug":"entrevista-a-javier-ribelles-gerente-de-servicios-agricolas-fruteq","status":"publish","type":"post","link":"https:\/\/edyprobiotec.com\/en\/entrevista-a-javier-ribelles-gerente-de-servicios-agricolas-fruteq\/","title":{"rendered":"Entrevista a Javier Ribelles, gerente de Servicios Agr\u00edcolas Fruteq"},"content":{"rendered":"<p>Javier Ribelles tom\u00f3 el mando de Fruteq en 2014. Una empresa familiar, con m\u00e1s de 50 a\u00f1os de experiencia en el sector, que desde hace tiempo conf\u00eda en los productos de EDYPRO y en los consejos y asesoramiento de Vicente Puchol para entender los problemas de los cultivos de c\u00edtricos que ellos manejan como empresa de servicios.<\/p>\n<ul>\n<li><strong>\u00bfDesde cu\u00e1ndo trabajan con los productos de EDYPRO?<\/strong><\/li>\n<\/ul>\n<p>Mi padre es quien comenz\u00f3 a usar los productos de EDYPRO. Cuando yo desembarqu\u00e9 en la empresa hace cuatro a\u00f1os me ayud\u00f3 mucho contar con su experiencia y apoyo, junto al asesoramiento de Vicente.<\/p>\n<p>Desde entonces hemos aumentado todav\u00eda m\u00e1s el volumen de productos con los que trabajamos y estrechado la relaci\u00f3n.<\/p>\n<ul>\n<li><strong>\u00bfQu\u00e9 producto es el que m\u00e1s recomiendan y utilizan?<\/strong><\/li>\n<\/ul>\n<p>Para m\u00ed el producto estrella es <span style=\"color: #800080;\"><a style=\"color: #800080;\" href=\"\/en\/productos-fertilizantes-biotecnologicos\/estimulantes\/estimulantes-desarrollo\/organovital-plus-\/\">ORGANOVITAL PLUS<\/a><\/span>. El 99% de nuestros clientes cultivan c\u00edtricos y este producto es el que te permite ver los resultados m\u00e1s espectaculares desde mi punto de vista. El resto tambi\u00e9n te ofrece unos excelentes resultados, pero no son tan evidentes a corto plazo. Con la aplicaci\u00f3n de este producto en \u00e1rboles que est\u00e1n deca\u00eddos el cambio es casi inmediato.<\/p>\n<p>El uso de ORGANOVITAL PLUS, junto a <span style=\"color: #800080;\"><a style=\"color: #800080;\" href=\"\/en\/productos-fertilizantes-biotecnologicos\/generadores-autodefensa\/coupe-regeneracion-plus\/\">COUPE REGENERACI\u00d3N PLUS<\/a><\/span> es una recomendaci\u00f3n que hacemos sistem\u00e1ticamente a todos nuestros clientes, tanto de clementinas como de naranjas. Con estos dos, junto a <span style=\"color: #800080;\"><a style=\"color: #800080;\" href=\"\/en\/productos-fertilizantes-biotecnologicos\/generadores-autodefensa\/bidesinfeccion-plus\/\">BIDESINFECCI\u00d3N PLUS<\/a><\/span> hemos obtenido unos buen\u00edsimos resultados en fincas que parec\u00edan perdidas.<\/p>\n<ul>\n<li><strong>\u00bfQu\u00e9 percepci\u00f3n tienen sus clientes de los productos de EDYPRO?<\/strong><\/li>\n<\/ul>\n<p>Por suerte, la relaci\u00f3n con nuestros clientes es tan estrecha y tan duradera que conf\u00edan plenamente en nosotros y si nosotros consideramos adecuado el uso de productos de EDYPRO ellos lo ven bien. Como, adem\u00e1s, se refleja en los resultados, est\u00e1n muy satisfechos.<\/p>\n<ul>\n<li><strong>\u00bfCu\u00e1les son estos resultados?<\/strong><\/li>\n<\/ul>\n<p>Sobre todo, en variedades extra tempranas y Sanguinelli, las variedades gourmet podr\u00edamos llamarlas, el uso de estos productos se refleja en la cuenta de resultados. Invirtiendo un 20% para la aplicaci\u00f3n de biotecnolog\u00eda, obtienen un 40% m\u00e1s de beneficio. Muchas veces los propios comercios cuando vienen a comprar la fruta preguntan \u201c\u00bfqu\u00e9 hac\u00e9is que vuestra fruta est\u00e1 m\u00e1s buena?\u201d.<\/p>\n<p>En concreto con la Sanguinelli, tenemos el problema de que hace muy poco calibre y va dirigida a un mercado <em>premium<\/em> donde esto es un h\u00e1ndicap. Son unos \u00e1rboles con muy poco vigor que necesitan un cuidado especial para hacer frutas de mayor tama\u00f1o. Aqu\u00ed los productos de EDYPRO nos ayudan a conseguirlo y adem\u00e1s a mantener los \u00e1rboles en buenas condiciones.<\/p>\n<p>En general, el estado sanitario de los \u00e1rboles mejora, vegetan con m\u00e1s vigor, tienen un color distinto y te da la sensaci\u00f3n de que son capaces de acabar la campa\u00f1a en perfectas condiciones y empezar la siguiente igual de bien. Y de ellos se obtienen, adem\u00e1s de unos frutos con buen calibre, unas condiciones organol\u00e9pticas de alt\u00edsima calidad.<\/p>\n<ul>\n<li><strong>Cu\u00e9ntenos un caso en el que el manejo con EDYPRO haya supuesto un antes y un despu\u00e9s para un cultivo. <\/strong><\/li>\n<\/ul>\n<p>Recuerdo un campo en el t\u00e9rmino de Almenara, un cultivo de Oronules en una zona de monta\u00f1a. Vimos que el campo no vegetaba ni fructificaba de forma adecuada. Consult\u00e9 con Vicente y me dijo que ten\u00eda s\u00edntomas de una infecci\u00f3n parasitaria.<\/p>\n<p>Llevamos la tierra a analizar y efectivamente hab\u00eda cifras alarmantes de nematodos. Vicente nos recomend\u00f3 entonces un tratamiento con aplicaciones peri\u00f3dicas de <span style=\"color: #800080;\"><a style=\"color: #800080;\" href=\"\/en\/productos-fertilizantes-biotecnologicos\/generadores-autodefensa\/bidesinfeccion-plus\/\">BIDESINFECCI\u00d3N PLUS<\/a><\/span> para ir interfiriendo en el ciclo reproductivo del par\u00e1sito. Seguimos sus instrucciones y, aunque hubo que esperar a la siguiente campa\u00f1a para ver los resultados, estos fueron muy satisfactorios y sus efectos duran hasta hoy.<\/p>\n<ul>\n<li><strong>Desde su punto de vista \u00bfqu\u00e9 otro valor a\u00f1adido presenta EDYPRO, m\u00e1s all\u00e1 de los excelentes resultados?<\/strong><\/li>\n<\/ul>\n<p>Para m\u00ed lo que les hace destacar, adem\u00e1s de los efectos evidentes sobre los cultivos, es su servicio postventa. Personalmente, cuando me inici\u00e9 en el sector carec\u00eda de experiencia en campo y he podido contar con un asesoramiento integral por parte de Vicente que me ha detallado siempre qu\u00e9 tratamientos son m\u00e1s acertados, cu\u00e1ndo aplicarlos y en qu\u00e9 dosis para lograr los prop\u00f3sitos de cultivos con cosechas excelentes que busca Fruteq.<\/p>","protected":false},"excerpt":{"rendered":"<p>Javier Ribelles tom\u00f3 el mando de Fruteq en 2014. Una empresa familiar, con m\u00e1s de 50 a\u00f1os de experiencia en el sector, que desde hace tiempo conf\u00eda en los productos de EDYPRO y en los consejos y asesoramiento de Vicente Puchol para entender los problemas de los cultivos de c\u00edtricos que ellos manejan como empresa [&hellip;]<\/p>\n","protected":false},"author":1,"featured_media":12537,"comment_status":"closed","ping_status":"closed","sticky":false,"template":"","format":"standard","meta":{"_acf_changed":false,"inline_featured_image":false,"footnotes":""},"categories":[56],"tags":[],"class_list":["post-9079","post","type-post","status-publish","format-standard","has-post-thumbnail","hentry","category-actualidad"],"acf":[],"_links":{"self":[{"href":"https:\/\/edyprobiotec.com\/en\/wp-json\/wp\/v2\/posts\/9079","targetHints":{"allow":["GET"]}}],"collection":[{"href":"https:\/\/edyprobiotec.com\/en\/wp-json\/wp\/v2\/posts"}],"about":[{"href":"https:\/\/edyprobiotec.com\/en\/wp-json\/wp\/v2\/types\/post"}],"author":[{"embeddable":true,"href":"https:\/\/edyprobiotec.com\/en\/wp-json\/wp\/v2\/users\/1"}],"replies":[{"embeddable":true,"href":"https:\/\/edyprobiotec.com\/en\/wp-json\/wp\/v2\/comments?post=9079"}],"version-history":[{"count":0,"href":"https:\/\/edyprobiotec.com\/en\/wp-json\/wp\/v2\/posts\/9079\/revisions"}],"wp:featuredmedia":[{"embeddable":true,"href":"https:\/\/edyprobiotec.com\/en\/wp-json\/wp\/v2\/media\/12537"}],"wp:attachment":[{"href":"https:\/\/edyprobiotec.com\/en\/wp-json\/wp\/v2\/media?parent=9079"}],"wp:term":[{"taxonomy":"category","embeddable":true,"href":"https:\/\/edyprobiotec.com\/en\/wp-json\/wp\/v2\/categories?post=9079"},{"taxonomy":"post_tag","embeddable":true,"href":"https:\/\/edyprobiotec.com\/en\/wp-json\/wp\/v2\/tags?post=9079"}],"curies":[{"name":"wp","href":"https:\/\/api.w.org\/{rel}","templated":true}]}}