{"id":9109,"date":"2019-11-18T00:00:00","date_gmt":"2019-11-18T00:00:00","guid":{"rendered":"https:\/\/www.edypro-online.com\/edypro-traslada-la-forma-de-lograr-maxima-calidad-y-produccion-con-su-biotecnologia-en-cultivo-de-pimiento\/"},"modified":"2019-11-18T00:00:00","modified_gmt":"2019-11-18T00:00:00","slug":"edypro-traslada-la-forma-de-lograr-maxima-calidad-y-produccion-con-su-biotecnologia-en-cultivo-de-pimiento","status":"publish","type":"post","link":"https:\/\/edyprobiotec.com\/en\/edypro-traslada-la-forma-de-lograr-maxima-calidad-y-produccion-con-su-biotecnologia-en-cultivo-de-pimiento\/","title":{"rendered":"EDYPRO traslada la forma de lograr m\u00e1xima calidad y producci\u00f3n con su biotecnolog\u00eda en cultivo de pimiento"},"content":{"rendered":"<p style=\"text-align: justify;\"><strong>EDYPRO<\/strong> Biotecnolog\u00eda ha trasladado la forma de lograr la m\u00e1xima calidad para evitar problemas como desarrollos irregulares, abortos florales o frutos deformes o engrosamiento de baja densidad y peso en cultivos de pimiento a trav\u00e9s de su biotecnolog\u00eda en las Jornadas Pimiento Temprano de Dal\u00edas (Almer\u00eda).<\/p>\n<p style=\"text-align: justify;\">En estas jornadas, que se celebraron del 13 al 15 de noviembre, el <strong>director t\u00e9cnico de EDYPRO, Vicente Puchol,<\/strong> traslad\u00f3 la necesidad y el manejo de las soluciones biotecnol\u00f3gicas de la compa\u00f1\u00eda en cada una de las fases del cultivo como son el suelo, la fecundaci\u00f3n, el engorde y evitar problemas de enfermedades de oto\u00f1o-invierno en este tipo de cultivos como el O\u00eddio.<\/p>\n<p style=\"text-align: justify;\">En este sentido habl\u00f3 de la importancia de tener un suelo bien regenerado al inicio del cultivo. Y en aquellos momentos de m\u00e1xima necesidad c\u00f3mo pueden ser el cuajado y el engorde, en los que la planta necesita m\u00e1xima vitalidad que se logra a trav\u00e9s de <a href=\"https:\/\/edyprobiotec.com\/en\/product\/biotecnologia-de-precision\/coupe-regeneracion-plus\/\"><strong>COUP\u00c9 REGENERACI\u00d3N Plus<\/strong><\/a>.<\/p>\n<p style=\"text-align: justify;\">Durante su intervenci\u00f3n traslad\u00f3 tambi\u00e9n la necesidad de tener un polen f\u00e9rtil para que las flores puedan ser fecundadas en tierras almerienses <em>\u201cdonde pese al control del clima en los invernaderos, el sol eleva las temperaturas\u201d<\/em>. Por lo que recomend\u00f3 la aplicaci\u00f3n de <a href=\"https:\/\/edyprobiotec.com\/en\/product\/biotecnologia-de-fertilizacion\/edyfos\/\"><strong>EDYFOS<\/strong><\/a> en este tipo de cultivo, f\u00f3sforo org\u00e1nico y molibdeno de elevada asimilaci\u00f3n. Y <a href=\"https:\/\/edyprobiotec.com\/en\/product\/biotecnologia-de-precision\/procuaje-radicular\/\"><strong>PROCUAJE RADICULAR<\/strong><\/a> para lograr el cuajado \u00f3ptimo de cada flor y convertirla en un fruto perfecto.<\/p>\n<p style=\"text-align: justify;\">As\u00ed mismo destac\u00f3 que tras este cuajado <em>\u201chay que engordar esos frutos hasta el calibre m\u00e1ximo que la variedad permita y con m\u00e1ximo grosor para tener un acabado \u00f3ptimo con<\/em> <a href=\"https:\/\/edyprobiotec.com\/en\/product\/biotecnologia-de-precision\/edyfruit-engorde-radicular\/\"><strong>EDYFRUIT\u00a0ENGORDE RADICULAR<\/strong><\/a><em>\u201d<\/em>.<\/p>\n<p style=\"text-align: justify;\">Tambi\u00e9n destac\u00f3 c\u00f3mo evitar la ceniza u o\u00eddio, enfermedad f\u00fangica habitual en cultivos de hortalizas que causa importantes p\u00e9rdidas econ\u00f3micas y que en el caso de la <em>biotechnology<\/em><em> \u201cse centra en inhibir la fructificaci\u00f3n de la espora como nuestra soluci\u00f3n <\/em>Cenicienta<em>, un paso anterior a las soluciones qu\u00edmicas que act\u00faan matando la espora\u201d. <\/em><\/p>\n<p style=\"text-align: justify;\"><strong>Foco de transmisi\u00f3n de conocimientos<\/strong><\/p>\n<p style=\"text-align: justify;\">Las jornadas se han celebrado en el marco inigualable del Casino de Dal\u00edas y han contado con expertos t\u00e9cnicos de m\u00e1xima calidad que han tratado de forma cualificada cada una de las tem\u00e1ticas focalizadas en el cultivo de productos tempranos libres de qu\u00edmicos.<\/p>\n<p style=\"text-align: justify;\">La IV edici\u00f3n de estas jornadas, que ya se consolida en el poniente almeriense, ha contado adem\u00e1s con visitas a fincas y aperitivos en el propio Casino y ha estado enfocada tanto al agricultor como a los t\u00e9cnicos.<\/p>\n<p style=\"text-align: justify;\">Para el director t\u00e9cnico de <strong>EDYPRO,<\/strong> Vicente Puchol <em>\u201ceste tipo de jornadas nos permiten transmitir y compartir conocimiento a los agricultores y t\u00e9cnicos para que su actividad sea totalmente satisfactoria tanto a nivel econ\u00f3mico, como moral\u201d.<\/em><\/p>","protected":false},"excerpt":{"rendered":"<p>EDYPRO Biotecnolog\u00eda ha trasladado la forma de lograr la m\u00e1xima calidad para evitar problemas como desarrollos irregulares, abortos florales o frutos deformes o engrosamiento de baja densidad y peso en cultivos de pimiento a trav\u00e9s de su biotecnolog\u00eda en las Jornadas Pimiento Temprano de Dal\u00edas (Almer\u00eda). En estas jornadas, que se celebraron del 13 al [&hellip;]<\/p>\n","protected":false},"author":1,"featured_media":12569,"comment_status":"closed","ping_status":"closed","sticky":false,"template":"","format":"standard","meta":{"_acf_changed":false,"inline_featured_image":false,"footnotes":""},"categories":[56],"tags":[],"class_list":["post-9109","post","type-post","status-publish","format-standard","has-post-thumbnail","hentry","category-actualidad"],"acf":[],"_links":{"self":[{"href":"https:\/\/edyprobiotec.com\/en\/wp-json\/wp\/v2\/posts\/9109","targetHints":{"allow":["GET"]}}],"collection":[{"href":"https:\/\/edyprobiotec.com\/en\/wp-json\/wp\/v2\/posts"}],"about":[{"href":"https:\/\/edyprobiotec.com\/en\/wp-json\/wp\/v2\/types\/post"}],"author":[{"embeddable":true,"href":"https:\/\/edyprobiotec.com\/en\/wp-json\/wp\/v2\/users\/1"}],"replies":[{"embeddable":true,"href":"https:\/\/edyprobiotec.com\/en\/wp-json\/wp\/v2\/comments?post=9109"}],"version-history":[{"count":0,"href":"https:\/\/edyprobiotec.com\/en\/wp-json\/wp\/v2\/posts\/9109\/revisions"}],"wp:featuredmedia":[{"embeddable":true,"href":"https:\/\/edyprobiotec.com\/en\/wp-json\/wp\/v2\/media\/12569"}],"wp:attachment":[{"href":"https:\/\/edyprobiotec.com\/en\/wp-json\/wp\/v2\/media?parent=9109"}],"wp:term":[{"taxonomy":"category","embeddable":true,"href":"https:\/\/edyprobiotec.com\/en\/wp-json\/wp\/v2\/categories?post=9109"},{"taxonomy":"post_tag","embeddable":true,"href":"https:\/\/edyprobiotec.com\/en\/wp-json\/wp\/v2\/tags?post=9109"}],"curies":[{"name":"wp","href":"https:\/\/api.w.org\/{rel}","templated":true}]}}