{"id":9111,"date":"2019-11-25T00:00:00","date_gmt":"2019-11-25T00:00:00","guid":{"rendered":"https:\/\/www.edypro-online.com\/calibre-y-produccion-de-calidad-en-las-variedades-tango-nadorcott-y-orri-asesoradas-por-edypro\/"},"modified":"2019-11-25T00:00:00","modified_gmt":"2019-11-25T00:00:00","slug":"calibre-y-produccion-de-calidad-en-las-variedades-tango-nadorcott-y-orri-asesoradas-por-edypro","status":"publish","type":"post","link":"https:\/\/edyprobiotec.com\/en\/calibre-y-produccion-de-calidad-en-las-variedades-tango-nadorcott-y-orri-asesoradas-por-edypro\/","title":{"rendered":"Calibre y producci\u00f3n de calidad en las variedades Tango, Nadorcott y Orri asesoradas por EDYPRO"},"content":{"rendered":"<p style=\"text-align: justify;\">El comienzo de la campa\u00f1a citr\u00edcola ha arrancado con un pron\u00f3stico muy positivo para aquellas variedades de mandarinas tard\u00edas, Tango, Nadorcott y Orri. Pese a la presentaci\u00f3n de dificultades productivas por su carga gen\u00e9tica, aquellas fincas que han aplicado las soluciones que <strong>EDYPRO<\/strong> aconsej\u00f3 en la jornada de c\u00edtricos celebrada el pasado mes de febrero, est\u00e1n teniendo resultados muy satisfactorios.<\/p>\n<p style=\"text-align: justify;\">Las dificultades en estas variedades se centran en la falta de calibre en el caso de las variedades Tango y Nadorcott y bajas producciones en la variedad Orri.<\/p>\n<p style=\"text-align: justify;\">Nuestro <strong>gerente y director T\u00e9cnico, Vicente Puchol<\/strong>, vaticin\u00f3 que tras la campa\u00f1a citr\u00edcola de 2018-2019, muchos de los cultivos ser\u00edan desatendidos o abandonados, y por tanto caer\u00eda el nivel de producci\u00f3n.<\/p>\n<p><img fetchpriority=\"high\" decoding=\"async\" style=\"display: block; margin-left: auto; margin-right: auto;\" src=\"\/images\/Blog\/Noticia%20Phytoma\/2.jpg\" alt=\"\" width=\"667\" height=\"500\" \/><\/p>\n<p style=\"text-align: justify;\">As\u00ed, en este inicio de campa\u00f1a el Ministerio de Agricultura<strong> ha estimado que la cosecha de c\u00edtricos tendr\u00e1 unas 6.270.315 toneladas en toda Espa\u00f1a. Este dato supone la segunda m\u00e1s baja de los \u00faltimos seis a\u00f1os y un 17% menos que la temporada 2018\/2019.<\/strong><\/p>\n<p style=\"text-align: justify;\">En este mismo sentido, desde la <strong>Conselleria de Agricultura, Desarrollo Rural, Emergencia Clim\u00e1tica y Transici\u00f3n Ecol\u00f3gica<\/strong>, destacan que la campa\u00f1a se est\u00e1 iniciando con un ajustado tonelaje y con una salida ordenada en los mercados. Y este hecho est\u00e1 teniendo un mejor comportamiento en precios que otros a\u00f1os.<\/p>\n<p style=\"text-align: justify;\">Por otra parte, en esta jornada el gerente y director t\u00e9cnico de <strong>EDYPRO,<\/strong> Vicente Puchol, tambi\u00e9n explic\u00f3 las medidas espec\u00edficas para cada una de estas variedades, sugerencias de manejo y soluciones biotecnol\u00f3gicas disponibles en el portfolio de <strong>EDYPRO.<\/strong><\/p>\n<p style=\"text-align: justify;\">En cuanto a las variedades Tango y Nadorcott, aconsej\u00f3 realizar la <strong>poda al finalizar la ca\u00edda fisiol\u00f3gica<\/strong>, nunca antes, y lograr una brotaci\u00f3n mixta con flores justas, as\u00ed como controlar las enfermedades f\u00fangicas. A la salida de invierno hacer dos o tres aplicaciones separadas en ocho d\u00edas del bioestimulante de la compa\u00f1\u00eda <a href=\"\/en\/productos-fertilizantes-biotecnologicos\/estimulantes\/estimulantes-fructificacion\/aminoplus\/\">AMINOPLUS<\/a> que logra flor campanera, <a href=\"\/en\/productos-fertilizantes-biotecnologicos\/generadores-autodefensa\/coupe-regeneracion-plus\/\">COUP\u00c9 REGENERACI\u00d3N PLUS,<\/a> y <a href=\"\/en\/productos-fertilizantes-biotecnologicos\/estimulantes\/estimulantes-desarrollo\/organovital-plus-\/\">ORGANOVITAL PLUS<\/a>. Tambi\u00e9n realizar el tratamiento de aclareo de frutos sin hormonas al inicio de la ca\u00edda fisiol\u00f3gica que permite adelantar el engrose de los frutos y reducir la inversi\u00f3n en el aclareo manual.<\/p>\n<p style=\"text-align: justify;\">En la variedad Orri, y puesto que uno de los motivos de su poca producci\u00f3n es la falta de control de la floraci\u00f3n y el retraso de \u00e9sta, los factores de \u00e9xito son <em>\u201cconseguir una brotaci\u00f3n mixta con un reducido n\u00famero de flores, regenerar el suelo del cultivo y asegurarse un polen f\u00e9rtil, junto a tratamientos de cuajado y engorde de frutos sin hormonas y engrose de los frutos v\u00eda radicular\u201d,<\/em> explica Vicente Puchol.<\/p>\n<p style=\"text-align: justify;\">Adem\u00e1s de medidas como la poda a <em>\u201cfruta segura\u201d<\/em> y el mantenimiento del equilibrio nutricional durante los 12 meses del a\u00f1o.<\/p>\n<p style=\"text-align: justify;\">Aquellas fincas y agricultores con cultivos citr\u00edcolas que han seguido estos consejos en las variedades mencionadas y no han abandonado la nutrici\u00f3n y el cuidado de sus cultivos <em>\u201cest\u00e1n obteniendo una fruta de calidad superior con un sabor extraordinario y est\u00e1n viendo como la demanda de \u00e9sta es continua\u201d,<\/em> destaca el gerente y director t\u00e9cnico de <strong>EDYPRO.<\/strong><\/p>\n<p style=\"text-align: justify;\">En este sentido, el gerente y director t\u00e9cnico de <strong>EDYPRO,<\/strong> explica que <em>\u201cen los a\u00f1os dif\u00edciles y de poca producci\u00f3n como este es donde se ve y dan la talla los buenos productos manejados por t\u00e9cnicos especialistas que consiguen \u00f3ptimas producciones de m\u00e1xima calidad.\u201d<\/em><\/p>\n<p>&nbsp;<\/p>","protected":false},"excerpt":{"rendered":"<p>El comienzo de la campa\u00f1a citr\u00edcola ha arrancado con un pron\u00f3stico muy positivo para aquellas variedades de mandarinas tard\u00edas, Tango, Nadorcott y Orri. Pese a la presentaci\u00f3n de dificultades productivas por su carga gen\u00e9tica, aquellas fincas que han aplicado las soluciones que EDYPRO aconsej\u00f3 en la jornada de c\u00edtricos celebrada el pasado mes de febrero, [&hellip;]<\/p>\n","protected":false},"author":1,"featured_media":12571,"comment_status":"closed","ping_status":"closed","sticky":false,"template":"","format":"standard","meta":{"_acf_changed":false,"inline_featured_image":false,"footnotes":""},"categories":[56],"tags":[],"class_list":["post-9111","post","type-post","status-publish","format-standard","has-post-thumbnail","hentry","category-actualidad"],"acf":[],"_links":{"self":[{"href":"https:\/\/edyprobiotec.com\/en\/wp-json\/wp\/v2\/posts\/9111","targetHints":{"allow":["GET"]}}],"collection":[{"href":"https:\/\/edyprobiotec.com\/en\/wp-json\/wp\/v2\/posts"}],"about":[{"href":"https:\/\/edyprobiotec.com\/en\/wp-json\/wp\/v2\/types\/post"}],"author":[{"embeddable":true,"href":"https:\/\/edyprobiotec.com\/en\/wp-json\/wp\/v2\/users\/1"}],"replies":[{"embeddable":true,"href":"https:\/\/edyprobiotec.com\/en\/wp-json\/wp\/v2\/comments?post=9111"}],"version-history":[{"count":0,"href":"https:\/\/edyprobiotec.com\/en\/wp-json\/wp\/v2\/posts\/9111\/revisions"}],"wp:featuredmedia":[{"embeddable":true,"href":"https:\/\/edyprobiotec.com\/en\/wp-json\/wp\/v2\/media\/12571"}],"wp:attachment":[{"href":"https:\/\/edyprobiotec.com\/en\/wp-json\/wp\/v2\/media?parent=9111"}],"wp:term":[{"taxonomy":"category","embeddable":true,"href":"https:\/\/edyprobiotec.com\/en\/wp-json\/wp\/v2\/categories?post=9111"},{"taxonomy":"post_tag","embeddable":true,"href":"https:\/\/edyprobiotec.com\/en\/wp-json\/wp\/v2\/tags?post=9111"}],"curies":[{"name":"wp","href":"https:\/\/api.w.org\/{rel}","templated":true}]}}