{"id":9119,"date":"2020-02-20T00:00:00","date_gmt":"2020-02-20T00:00:00","guid":{"rendered":"https:\/\/www.edypro-online.com\/entrevista-a-joaquin-torres-agricultor-y-ganador-del-concurso-de-un-viaje-a-cuba\/"},"modified":"2020-02-20T00:00:00","modified_gmt":"2020-02-20T00:00:00","slug":"entrevista-a-joaquin-torres-agricultor-y-ganador-del-concurso-de-un-viaje-a-cuba","status":"publish","type":"post","link":"https:\/\/edyprobiotec.com\/en\/entrevista-a-joaquin-torres-agricultor-y-ganador-del-concurso-de-un-viaje-a-cuba\/","title":{"rendered":"Entrevista a Joaqu\u00edn Torres, agricultor y ganador del concurso de un viaje a Cuba"},"content":{"rendered":"<p>Con tan solo 30 a\u00f1os, Joaqu\u00edn Torres ya atesora 14 a\u00f1os de experiencia dedicados a la agricultura. Vivi\u00f3 y creci\u00f3 con ella en las venas porque su familia ha contado con fincas y a ella debe todo lo que ha aprendido sobre los cultivos que m\u00e1s trata que son sand\u00eda, pepino y pimiento.<\/p>\n<p>Su formaci\u00f3n t\u00e9cnica la ha ido adquiriendo curso tras curso, y en una de esas formaciones se encontr\u00f3 con las soluciones biotecnol\u00f3gicas de <strong>EDYPRO<\/strong> que hoy le ayudan a mejorar sus cultivos. Y adem\u00e1s, con premio, ya que recientemente ha sido uno de los ganadores del concurso de <strong>EDYPRO<\/strong> con un viaje a Cuba para dos personas.<\/p>\n<ul style=\"list-style-type: circle;\">\n<li>\u00a0<strong>H\u00e1blanos de tu experiencia personal \u00bfC\u00f3mo es tu finca, en qu\u00e9 lugar se encuentra y qu\u00e9 tipo de cultivos trabajas?<\/strong><\/li>\n<\/ul>\n<p>Los cultivos que m\u00e1s sembramos son sobre todo pepino y sandia, y tambi\u00e9n un poco de pimiento. Est\u00e1 en la zona de El Ejido en el paraje de Las Chozas. Es una buena zona para el cultivo porque es reconocida por ser una zona m\u00e1s fr\u00eda. Y todos nuestros cultivos son bajo abrigo y bien ventilados.<\/p>\n<ul style=\"list-style-type: circle;\">\n<li>\u00a0<strong>\u00bfCu\u00e1l es tu experiencia con las soluciones biotecnol\u00f3gicas de EDYPRO?<\/strong><\/li>\n<\/ul>\n<p>Nosotros conocimos sus productos en una conferencia, ya har\u00e1 como unos tres a\u00f1os. Me gust\u00f3 la conferencia y las cosas que se dijeron en ella. Y a ra\u00edz de esta conferencia Vicente Puchol me visit\u00f3, me recomend\u00f3 algunas de las soluciones biotecnol\u00f3gicas de <strong>EDYPRO<\/strong> y a partir de ah\u00ed los resultados que obtuve me convencieron. Y poco a poco lo que intento es ir mejorando el cultivo.<\/p>\n<p><img fetchpriority=\"high\" decoding=\"async\" class=\"aligncenter\" style=\"margin-left: auto; margin-right: auto;\" src=\"\/images\/Blog\/Foto3.jpg\" alt=\"\" width=\"443\" height=\"434\" \/><\/p>\n<ul style=\"list-style-type: circle;\">\n<li>\u00a0<strong>\u00bfPor el tipo de cultivo, cu\u00e1les son las soluciones biotecnol\u00f3gicas de EDYPRO que m\u00e1s utilizas en ellos? \u00bf Y qu\u00e9 resultados has obtenido de ellas?<\/strong><\/li>\n<\/ul>\n<p>Las soluciones que m\u00e1s gastamos son <a href=\"https:\/\/edyprobiotec.com\/en\/es\/product\/biotecnologia-de-precision\/coupe-regeneracion-plus\/\"><strong>COUP\u00c9 REGENERACI\u00d3N PLUS<\/strong><\/a> , <a href=\"https:\/\/edyprobiotec.com\/en\/es\/product\/biotecnologia-de-precision\/edyfruit-engorde-radicular\/\"><strong>EDYFRUIT ENGORDE<\/strong><\/a> y <a href=\"https:\/\/edyprobiotec.com\/en\/es\/product\/biotecnologia-de-precision\/procuaje-radicular\/\"><strong>PROCUAJE RADICULAR<\/strong><\/a> .<\/p>\n<p><a href=\"https:\/\/edyprobiotec.com\/en\/es\/product\/biotecnologia-de-precision\/procuaje-radicular\/\"><strong>PROCUAJE RADICULAR<\/strong><\/a>, ayuda mucho en la floraci\u00f3n y le da fuerza a la flor. <a href=\"https:\/\/edyprobiotec.com\/en\/es\/product\/biotecnologia-de-precision\/coupe-regeneracion-plus\/\"><strong>COUP\u00c9 REGENERACI\u00d3N PLUS <\/strong><\/a>es muy bueno para momentos en los que la planta vive situaciones de estr\u00e9s, funciona muy bien para desestresar a la planta. Y <a href=\"https:\/\/edyprobiotec.com\/en\/es\/product\/biotecnologia-de-precision\/coupe-regeneracion-plus\/\"><strong>COUP\u00c9 REGENERACI\u00d3N PLUS <\/strong><\/a>junto con el <a href=\"https:\/\/edyprobiotec.com\/en\/es\/product\/biotecnologia-de-precision\/edypro-enraizante\/\"><strong>ENRAIZANTE ESPECIAL<\/strong><\/a> van muy bien. En el caso de <a href=\"https:\/\/edyprobiotec.com\/en\/es\/product\/biotecnologia-de-precision\/edyfruit-engorde-radicular\/\"><strong>EDYFRUIT ENGORDE RADICULAR<\/strong><\/a> nosotros notamos que a los pocos d\u00edas de su aplicaci\u00f3n hay una muy buena respuesta por parte de la planta y engorda bastante.<\/p>\n<ul style=\"list-style-type: circle;\">\n<li>\u00a0<strong>\u00bfQu\u00e9 caracter\u00edstica le aportan a tus cultivos las soluciones biotecnol\u00f3gicas de EDYPRO que las hacen diferentes en el mercado?<\/strong><\/li>\n<\/ul>\n<p>Otra de las caracter\u00edsticas que m\u00e1s valoramos en las soluciones de <strong>EDYPRO<\/strong> es que no contienen residuos. Trabajar con soluciones biotecnol\u00f3gicas sin residuos beneficia al suelo, al consumidor y a la agricultura.<\/p>\n<p><img decoding=\"async\" class=\"size-medium wp-image-9873 aligncenter\" src=\"https:\/\/edyprobiotec.com\/wp-content\/uploads\/2020\/02\/cultivos-300x225.png\" alt=\"\" width=\"300\" height=\"225\" srcset=\"https:\/\/edyprobiotec.com\/wp-content\/uploads\/2020\/02\/cultivos-300x225.png 300w, https:\/\/edyprobiotec.com\/wp-content\/uploads\/2020\/02\/cultivos.png 632w\" sizes=\"(max-width: 300px) 100vw, 300px\" \/><\/p>\n<ul style=\"list-style-type: circle;\">\n<li>\u00a0<strong>Estamos viendo como el mercado est\u00e1 demandando productos agr\u00edcolas cada vez m\u00e1s ecol\u00f3gicos, con Residuo 0 y solo cuando se trata de productos de calidad est\u00e1 dispuesto a pagar m\u00e1s por ellos \u00bfQu\u00e9 vivencia est\u00e1s teniendo t\u00fa en este sentido?<\/strong><\/li>\n<\/ul>\n<p>Yo creo que los consumidores cada vez est\u00e1n demandando mayor calidad y que los alimentos no tengan ning\u00fan tipo de residuo y est\u00e1 dispuesto a pagar un poco m\u00e1s. Los consumidores siempre intentan comprar productos que sean sanos.<\/p>\n<ul style=\"list-style-type: circle;\">\n<li>\u00a0<strong>Adem\u00e1s del resultado de sus productos \u00bfqu\u00e9 valoras en una compa\u00f1\u00eda de las caracter\u00edsticas de EDYPRO?<\/strong><\/li>\n<\/ul>\n<p>Yo sobre todo es el trato de los t\u00e9cnicos que te aconsejan y asesoran cuando vienen aqu\u00ed a ver la finca y te aconsejan muy bien <em>(Crist\u00f3bal P\u00e9rez de Cerrillo y Perez y Vicente Puchol de <strong>EDYPRO<\/strong>)<\/em>. Esta labor de cercan\u00eda con el agricultor y asesoramiento hace mucho y dice mucho de la compa\u00f1\u00eda.<\/p>\n<ul style=\"list-style-type: circle;\">\n<li><strong>En tu caso el manejo de las soluciones biotecnol\u00f3gicas de EDYPRO ha tenido como resultado el premio con un viaje a Cuba \u00bfC\u00f3mo has vivido este momento?<\/strong><\/li>\n<\/ul>\n<p>Fue un momento muy emocionante y lo viv\u00ed con mucha alegr\u00eda. La verdad es que no me lo esperaba. Estaba en la finca regando y de repente me llamaron por tel\u00e9fono y me comentaron que llamaban desde <strong>EDYPRO<\/strong>. En ese momento pens\u00e9 que era porque ven\u00edan a visitar la finca pero cuando me dijeron; Te llamo para darte la enhorabuena y pens\u00e9, madre m\u00eda que me ha tocado el viaje.<\/p>","protected":false},"excerpt":{"rendered":"<p>Con tan solo 30 a\u00f1os, Joaqu\u00edn Torres ya atesora 14 a\u00f1os de experiencia dedicados a la agricultura. Vivi\u00f3 y creci\u00f3 con ella en las venas porque su familia ha contado con fincas y a ella debe todo lo que ha aprendido sobre los cultivos que m\u00e1s trata que son sand\u00eda, pepino y pimiento. Su formaci\u00f3n [&hellip;]<\/p>\n","protected":false},"author":1,"featured_media":12577,"comment_status":"closed","ping_status":"closed","sticky":false,"template":"","format":"standard","meta":{"_acf_changed":false,"inline_featured_image":false,"footnotes":""},"categories":[56],"tags":[],"class_list":["post-9119","post","type-post","status-publish","format-standard","has-post-thumbnail","hentry","category-actualidad"],"acf":[],"_links":{"self":[{"href":"https:\/\/edyprobiotec.com\/en\/wp-json\/wp\/v2\/posts\/9119","targetHints":{"allow":["GET"]}}],"collection":[{"href":"https:\/\/edyprobiotec.com\/en\/wp-json\/wp\/v2\/posts"}],"about":[{"href":"https:\/\/edyprobiotec.com\/en\/wp-json\/wp\/v2\/types\/post"}],"author":[{"embeddable":true,"href":"https:\/\/edyprobiotec.com\/en\/wp-json\/wp\/v2\/users\/1"}],"replies":[{"embeddable":true,"href":"https:\/\/edyprobiotec.com\/en\/wp-json\/wp\/v2\/comments?post=9119"}],"version-history":[{"count":0,"href":"https:\/\/edyprobiotec.com\/en\/wp-json\/wp\/v2\/posts\/9119\/revisions"}],"wp:featuredmedia":[{"embeddable":true,"href":"https:\/\/edyprobiotec.com\/en\/wp-json\/wp\/v2\/media\/12577"}],"wp:attachment":[{"href":"https:\/\/edyprobiotec.com\/en\/wp-json\/wp\/v2\/media?parent=9119"}],"wp:term":[{"taxonomy":"category","embeddable":true,"href":"https:\/\/edyprobiotec.com\/en\/wp-json\/wp\/v2\/categories?post=9119"},{"taxonomy":"post_tag","embeddable":true,"href":"https:\/\/edyprobiotec.com\/en\/wp-json\/wp\/v2\/tags?post=9119"}],"curies":[{"name":"wp","href":"https:\/\/api.w.org\/{rel}","templated":true}]}}