{"id":9120,"date":"2020-02-27T00:00:00","date_gmt":"2020-02-27T00:00:00","guid":{"rendered":"https:\/\/www.edypro-online.com\/edypro-destaca-las-medidas-biotecnologicas-para-obtener-una-produccion-premium-en-variedades-de-citricos-muy-y-poco-productivas\/"},"modified":"2020-02-27T00:00:00","modified_gmt":"2020-02-27T00:00:00","slug":"edypro-destaca-las-medidas-biotecnologicas-para-obtener-una-produccion-premium-en-variedades-de-citricos-muy-y-poco-productivas","status":"publish","type":"post","link":"https:\/\/edyprobiotec.com\/en\/edypro-destaca-las-medidas-biotecnologicas-para-obtener-una-produccion-premium-en-variedades-de-citricos-muy-y-poco-productivas\/","title":{"rendered":"EDYPRO destaca las medidas biotecnol\u00f3gicas para obtener una producci\u00f3n Premium en variedades de c\u00edtricos muy y poco productivas"},"content":{"rendered":"<p>M\u00e1s de 30 agricultores y t\u00e9cnicos de la provincia de Valencia y alrededores se han dado cita en la <strong>Conferencia t\u00e9cnica de c\u00edtricos que la compa\u00f1\u00eda dedicada a estudio, desarrollo y producci\u00f3n de fertilizantes biotecnol\u00f3gicos, EDYPRO ha organizado<\/strong> con el objetivo de informar sobre las medidas culturales y biotecnol\u00f3gicas necesarias para <strong>lograr una producci\u00f3n Premium, tanto en variedades poco productivas \u2013Orri, Oronules, Powel o Clemenules- como muy productivas \u2013Nadorcott, Tango, Esbal o Sanguinelli.<\/strong><\/p>\n<p>Entre estas medidas, el <strong>director t\u00e9cnico y gerente de EDYPRO, Vicente Puchol<\/strong> destac\u00f3, en las <strong>variedades poco productivas<\/strong>, lograr una espectacular brotaci\u00f3n mixta con las flores justas y controlar las enfermedades f\u00fangicas, el mantenimiento de un \u00f3ptimo sistema radicular, asegurar la fecundaci\u00f3n y potenciar el efecto sumidero, as\u00ed como lograr un alto nivel de clorofila durante la primavera y entrada del verano. Sin olvidar, resalt\u00f3, la importancia de iniciar el engorde en la Fase I y mantenerlo \u00e1lgido en la Fase II.<\/p>\n<p>Para las <strong>variedades muy productivas<\/strong>, el <strong>director t\u00e9cnico y gerente de EDYPRO<\/strong> record\u00f3 la importancia de la brotaci\u00f3n mixta y la actividad del sistema radicular y a\u00f1adi\u00f3 la utilizaci\u00f3n del tratamiento de engorde y aclareo de frutos sin hormonas al inicio de la ca\u00edda fisiol\u00f3gica cuando caen frutos con c\u00e1liz.<\/p>\n<p>Durante esta jornada tambi\u00e9n se present\u00f3 un estudio realizado con la aplicaci\u00f3n de su soluci\u00f3n biotecnol\u00f3gica, <a href=\"https:\/\/edyprobiotec.com\/en\/es\/product\/biotecnologia-de-precision\/coupe-regeneracion-plus\/\"><strong>COUP\u00c9 REGENERACI\u00d3N PLUS<\/strong><\/a>, en tierras f\u00e9rtiles, m\u00e1s pobres y de nivel intermedio. En estas \u00faltimas mostrando un importante resultado en cuanto a incremento de <strong>la poblaci\u00f3n de bacterias fijadoras de Nitr\u00f3geno (N) y hongos beneficiosos.<\/strong><\/p>\n<p><strong><img fetchpriority=\"high\" decoding=\"async\" class=\"size-medium wp-image-9871 aligncenter\" src=\"https:\/\/edyprobiotec.com\/wp-content\/uploads\/2020\/02\/Jornada-2-reducida-300x210.jpg\" alt=\"\" width=\"300\" height=\"210\" srcset=\"https:\/\/edyprobiotec.com\/wp-content\/uploads\/2020\/02\/Jornada-2-reducida-300x210.jpg 300w, https:\/\/edyprobiotec.com\/wp-content\/uploads\/2020\/02\/Jornada-2-reducida-768x537.jpg 768w, https:\/\/edyprobiotec.com\/wp-content\/uploads\/2020\/02\/Jornada-2-reducida.jpg 800w\" sizes=\"(max-width: 300px) 100vw, 300px\" \/><br \/>\n<\/strong><\/p>\n<p><strong>Nueva soluci\u00f3n biotecnol\u00f3gica<\/strong><\/p>\n<p>Otro de los aspectos que resalt\u00f3 Vicente Puchol fue la <strong>poda de primavera<\/strong>, factor inhibidor del desarrollo vegetativo de modo directo en variedades muy productivas. Al contrario, la poda en verano tras finalizar la ca\u00edda fisiol\u00f3gica tiene doble efecto positivo en variedades muy productivas. Por un lado, acent\u00faa el engorde y por otro el sistema radicular sigue bombeando a m\u00e1xima potencia, subray\u00f3.<\/p>\n<p>Esta jornada sirvi\u00f3 adem\u00e1s para presentar ante los numerosos agricultores y t\u00e9cnicos una de las <strong>\u00faltimas soluciones biotecnol\u00f3gicas de la compa\u00f1\u00eda, <a href=\"https:\/\/edyprobiotec.com\/en\/es\/product\/nutricion-especifica\/galileo\/\">GALILEO<\/a><\/strong>. Se trata de un producto de nueva generaci\u00f3n que se aplica de modo foliar y act\u00faa en la membrana de la pared celular. A trav\u00e9s de su excelente aminograma genera un elevado potencial de activaci\u00f3n vegetativa constante. De este modo, tiene la capacidad de la perseverancia en la actividad del cultivo de modo estandarizado y uniforme. Y as\u00ed <em>\u201clogra desarrollos constantes, tanto a nivel vegetativo como en el calibre de los frutos\u201d,<\/em> explic\u00f3 Vicente Puchol.<\/p>\n<p>Las <strong>fases de fecundaci\u00f3n y engorde<\/strong> fueron citadas tambi\u00e9n como claves dentro de este proceso de generaci\u00f3n de m\u00e1xima calidad. En concreto, se destacaron para la fecundaci\u00f3n en variedades poco productivas la ayuda de <strong><a href=\"https:\/\/edyprobiotec.com\/en\/es\/?s=edyfos\">EDYFOS<\/a> y <a href=\"https:\/\/edyprobiotec.com\/en\/es\/product\/biotecnologia-de-precision\/fecundator-2\/\">FECUNDATOR<\/a><\/strong><a href=\"https:\/\/edyprobiotec.com\/en\/productos-fertilizantes-biotecnologicos\/biotecnologia-en-valencia\/fecundator-2\/\">.<\/a> Y para el engorde de las variedades muy productivas pero que carecen del calibre adecuado, <strong><a href=\"https:\/\/edyprobiotec.com\/en\/es\/product\/biotecnologia-de-precision\/max-quality\/\">MAX QUALITY<\/a>.<\/strong><\/p>\n<p>En cuanto al control de enfermedades criptog\u00e1micas y endopar\u00e1sitas, desde <strong>EDYPRO<\/strong> se hizo especial hincapi\u00e9 en con qu\u00e9 frecuencia hay que controlar estas actividades y con qu\u00e9 herramientas. Y se subray\u00f3 sus soluciones <strong><a href=\"https:\/\/edyprobiotec.com\/en\/es\/product\/biotecnologia-de-control\/cupro-plus\/\">CUPRO-PLUS MAX <\/a><\/strong>y <strong><a href=\"https:\/\/edyprobiotec.com\/en\/es\/product\/correctores-especificos\/endofosfito\/\">ENDOFOSFITO<\/a><\/strong>.<\/p>\n<p>Esta Conferencia de c\u00edtricos tuvo lugar en el <strong>Restaurante Barraca de Toni Montoliu<\/strong> ubicada en la localidad valenciana de Meliana donde se degust\u00f3 gastronom\u00eda t\u00edpica y representativa de la zona de l\u00b4horta.<\/p>\n<p>Asimismo, estuvo precedida por la <strong>cata sensorial de variedades de Sanguinelli y Powel<\/strong>, testigo y manejadas con la biotecnolog\u00eda de <strong>EDYPRO<\/strong>. Se han elegido frutos de arboles con abonado y riego similar, cultivados en la misma zona y la \u00fanica variante fueron los productos biotecnol\u00f3gicos de <strong>EDYPRO<\/strong>. Los t\u00e9cnicos y agricultores calificaron con un 7 y 6,5 las variedades correspondientes manejadas de modo convencional (testigo) mientras que concedieron un 8,5 y 9,15 a las manejadas con la biotecnolog\u00eda de la compa\u00f1\u00eda.<\/p>\n<p>En cuanto a la variedad Sanguinelli testigo, los asistentes afirmaron que se trataba de una fruta <em>\u201calgo dura, \u00e1cida, muy aguada, con poca pulpa, residuo en boca alto, sosa, falta de equilibrio y mucha tripa\u201d.<\/em> En contraposici\u00f3n, calificaron de <em>\u201cpoca acidez, buen equilibrio de sabor, buena relaci\u00f3n \u00e1cido\/az\u00facar, buen color, poco residuo, m\u00e1s zumo y calidad\u201d<\/em>, la manejada con las soluciones de EDYPRO.<\/p>\n<p>Para la variedad Powel testigo los adjetivos fueron <em>\u201c\u00e1cida, basta, falta de maduraci\u00f3n, falta de az\u00facar, falta de equilibrio, menos sabor y textura\u201d y los pertenecientes a la manejada con biotecnolog\u00eda \u201cdulce, jugosa, sabrosa, con pulpa fina, buen az\u00facar, apetece repetir y buen caldo\u201d.<\/em><\/p>\n<p>El <strong>director t\u00e9cnico y gerente de EDYPRO, Vicente Puchol, explic\u00f3<\/strong> que <em>\u201cen cada ciclo anual, el \u00e1rbol determina su proceso de bioprogramaci\u00f3n de supervivencia que queda determinada por el equilibrio h\u00eddrico, \u00f3ptima y equilibrada disposici\u00f3n de nutrientes, y ausencia de enfermedades. La buena armon\u00eda de estos factores y por tanto la culminaci\u00f3n de su ciclo vegetativo y proceso de bioprogramaci\u00f3n incrementa de modo directo el potencial productivo y vegetativo del mismo. Y desde <strong>EDYPRO<\/strong> ofrecemos nuestra experiencia y conocimiento para este fin<\/em><strong>. Nuestra citricultura debe estar valorada en Europa por calidad, no por precio\u201d. <\/strong><\/p>","protected":false},"excerpt":{"rendered":"<p>M\u00e1s de 30 agricultores y t\u00e9cnicos de la provincia de Valencia y alrededores se han dado cita en la Conferencia t\u00e9cnica de c\u00edtricos que la compa\u00f1\u00eda dedicada a estudio, desarrollo y producci\u00f3n de fertilizantes biotecnol\u00f3gicos, EDYPRO ha organizado con el objetivo de informar sobre las medidas culturales y biotecnol\u00f3gicas necesarias para lograr una producci\u00f3n Premium, [&hellip;]<\/p>\n","protected":false},"author":1,"featured_media":12578,"comment_status":"closed","ping_status":"closed","sticky":false,"template":"","format":"standard","meta":{"_acf_changed":false,"inline_featured_image":false,"footnotes":""},"categories":[56],"tags":[],"class_list":["post-9120","post","type-post","status-publish","format-standard","has-post-thumbnail","hentry","category-actualidad"],"acf":[],"_links":{"self":[{"href":"https:\/\/edyprobiotec.com\/en\/wp-json\/wp\/v2\/posts\/9120","targetHints":{"allow":["GET"]}}],"collection":[{"href":"https:\/\/edyprobiotec.com\/en\/wp-json\/wp\/v2\/posts"}],"about":[{"href":"https:\/\/edyprobiotec.com\/en\/wp-json\/wp\/v2\/types\/post"}],"author":[{"embeddable":true,"href":"https:\/\/edyprobiotec.com\/en\/wp-json\/wp\/v2\/users\/1"}],"replies":[{"embeddable":true,"href":"https:\/\/edyprobiotec.com\/en\/wp-json\/wp\/v2\/comments?post=9120"}],"version-history":[{"count":0,"href":"https:\/\/edyprobiotec.com\/en\/wp-json\/wp\/v2\/posts\/9120\/revisions"}],"wp:featuredmedia":[{"embeddable":true,"href":"https:\/\/edyprobiotec.com\/en\/wp-json\/wp\/v2\/media\/12578"}],"wp:attachment":[{"href":"https:\/\/edyprobiotec.com\/en\/wp-json\/wp\/v2\/media?parent=9120"}],"wp:term":[{"taxonomy":"category","embeddable":true,"href":"https:\/\/edyprobiotec.com\/en\/wp-json\/wp\/v2\/categories?post=9120"},{"taxonomy":"post_tag","embeddable":true,"href":"https:\/\/edyprobiotec.com\/en\/wp-json\/wp\/v2\/tags?post=9120"}],"curies":[{"name":"wp","href":"https:\/\/api.w.org\/{rel}","templated":true}]}}