{"id":9798,"date":"2021-03-26T10:41:57","date_gmt":"2021-03-26T10:41:57","guid":{"rendered":"https:\/\/www.edypro-online.com\/?p=9798"},"modified":"2021-03-26T10:41:57","modified_gmt":"2021-03-26T10:41:57","slug":"el-compromiso-de-edypro-con-el-medio-ambiente","status":"publish","type":"post","link":"https:\/\/edyprobiotec.com\/en\/el-compromiso-de-edypro-con-el-medio-ambiente\/","title":{"rendered":"El compromiso de EDYPRO con el medio ambiente"},"content":{"rendered":"<p>En <strong>EDYPRO<\/strong> estamos firmemente comprometidos con el respeto al medio ambiente.<\/p>\n<p>Una de las grandes premisas de nuestro fundador y gerente, y que compartimos todos los miembros del equipo interno y externo, es cuidar la tierra y el planeta para que las futuras generaciones puedan disfrutarlo y vivir en \u00e9l.<\/p>\n<p>Esta convicci\u00f3n se materializa en el d\u00eda a d\u00eda de nuestra compa\u00f1\u00eda, tanto en el funcionamiento de la f\u00e1brica y las oficinas, como en los productos que desarrollamos y c\u00f3mo interact\u00faan en los cultivos, en el entorno y en la vida de los consumidores.<\/p>\n<p>Nuestro objetivo es la b\u00fasqueda de soluciones de alto rendimiento agron\u00f3mico que sean respetuosas con el medio ambiente, que respeten la sanidad de la fruta y que mejoren la salud humana a trav\u00e9s de la alimentaci\u00f3n.<br \/>\nY esta labor ha sido reconocida en numerosas ocasiones.<\/p>\n<p><iframe title=\"Sostenibilidad en la filosof\u00eda de EDYPRO\" width=\"1200\" height=\"675\" src=\"https:\/\/www.youtube.com\/embed\/jJftIbFBkVI?feature=oembed\" frameborder=\"0\" allow=\"accelerometer; autoplay; clipboard-write; encrypted-media; gyroscope; picture-in-picture; web-share\" referrerpolicy=\"strict-origin-when-cross-origin\" allowfullscreen><\/iframe><\/p>\n<p>Adem\u00e1s, nuestro af\u00e1n investigador y la preocupaci\u00f3n por cuidar la tierra que nos alimenta nos ha llevado a buscar soluciones a los problemas de degradaci\u00f3n del suelo agr\u00edcola. Se trata de una acci\u00f3n urgente para recuperar la fertilidad del terreno pero, tambi\u00e9n, para producir alimentos inocuos.<\/p>\n<p><iframe title=\"Sostenibilidad del suelo\" width=\"1200\" height=\"675\" src=\"https:\/\/www.youtube.com\/embed\/xgqscwrdIuQ?feature=oembed\" frameborder=\"0\" allow=\"accelerometer; autoplay; clipboard-write; encrypted-media; gyroscope; picture-in-picture; web-share\" referrerpolicy=\"strict-origin-when-cross-origin\" allowfullscreen><\/iframe><\/p>\n<p>M\u00e1s de 25 a\u00f1os de trayectoria y cientos de t\u00e9cnicos y agricultores satisfechos avalan nuestro trabajo. Nuestros productos mejoran la calidad de los frutos y el rendimiento de los cultivos, lo que se traduce en una mayor rentabilidad para el agricultor. Este es nuestro mayor premio, pero lo que es m\u00e1s importante es que lo hacemos sin afectar a la fauna auxiliar.<\/p>\n<p><iframe title=\"Sostenibilidad de la fauna auxiliar\" width=\"1200\" height=\"675\" src=\"https:\/\/www.youtube.com\/embed\/W-WjAAF5x8s?feature=oembed\" frameborder=\"0\" allow=\"accelerometer; autoplay; clipboard-write; encrypted-media; gyroscope; picture-in-picture; web-share\" referrerpolicy=\"strict-origin-when-cross-origin\" allowfullscreen><\/iframe><\/p>","protected":false},"excerpt":{"rendered":"<p>En EDYPRO estamos firmemente comprometidos con el respeto al medio ambiente. Una de las grandes premisas de nuestro fundador y gerente, y que compartimos todos los miembros del equipo interno y externo, es cuidar la tierra y el planeta para que las futuras generaciones puedan disfrutarlo y vivir en \u00e9l. Esta convicci\u00f3n se materializa en [&hellip;]<\/p>\n","protected":false},"author":1,"featured_media":9799,"comment_status":"open","ping_status":"open","sticky":false,"template":"","format":"standard","meta":{"_acf_changed":false,"inline_featured_image":false,"footnotes":""},"categories":[56,66],"tags":[106,107,58,116,117],"class_list":["post-9798","post","type-post","status-publish","format-standard","has-post-thumbnail","hentry","category-actualidad","category-sobre-edypro","tag-agricultura","tag-agricultura-sostenible","tag-biotecnologia","tag-medio-ambiente","tag-sostenibilidad"],"acf":[],"_links":{"self":[{"href":"https:\/\/edyprobiotec.com\/en\/wp-json\/wp\/v2\/posts\/9798","targetHints":{"allow":["GET"]}}],"collection":[{"href":"https:\/\/edyprobiotec.com\/en\/wp-json\/wp\/v2\/posts"}],"about":[{"href":"https:\/\/edyprobiotec.com\/en\/wp-json\/wp\/v2\/types\/post"}],"author":[{"embeddable":true,"href":"https:\/\/edyprobiotec.com\/en\/wp-json\/wp\/v2\/users\/1"}],"replies":[{"embeddable":true,"href":"https:\/\/edyprobiotec.com\/en\/wp-json\/wp\/v2\/comments?post=9798"}],"version-history":[{"count":0,"href":"https:\/\/edyprobiotec.com\/en\/wp-json\/wp\/v2\/posts\/9798\/revisions"}],"wp:featuredmedia":[{"embeddable":true,"href":"https:\/\/edyprobiotec.com\/en\/wp-json\/wp\/v2\/media\/9799"}],"wp:attachment":[{"href":"https:\/\/edyprobiotec.com\/en\/wp-json\/wp\/v2\/media?parent=9798"}],"wp:term":[{"taxonomy":"category","embeddable":true,"href":"https:\/\/edyprobiotec.com\/en\/wp-json\/wp\/v2\/categories?post=9798"},{"taxonomy":"post_tag","embeddable":true,"href":"https:\/\/edyprobiotec.com\/en\/wp-json\/wp\/v2\/tags?post=9798"}],"curies":[{"name":"wp","href":"https:\/\/api.w.org\/{rel}","templated":true}]}}