{"id":10400,"date":"2021-05-13T15:04:49","date_gmt":"2021-05-13T15:04:49","guid":{"rendered":"https:\/\/www.edypro-online.com\/?p=10400"},"modified":"2021-05-13T15:04:49","modified_gmt":"2021-05-13T15:04:49","slug":"edypro-participa-en-la-mesa-redonda-de-conecta-labora-de-lhorta-nord","status":"publish","type":"post","link":"https:\/\/edyprobiotec.com\/it\/edypro-participa-en-la-mesa-redonda-de-conecta-labora-de-lhorta-nord\/","title":{"rendered":"EDYPRO participa en la mesa redonda de CONECTA LABORA de l\u2019Horta Nord"},"content":{"rendered":"<p><span style=\"font-weight: 400;\"><strong>EDYPRO<\/strong> particip\u00f3 en el foro CONECTA LABORA de l\u00b4Horta Nord que se celebr\u00f3 el pasado 6 de mayo. En concreto, <strong>la directora de Marketing de la compa\u00f1\u00eda, Arina Vovk,<\/strong> estuvo presente en la mesa redonda virtual que se organiz\u00f3 en paralelo al desarrollo del foro que se celebraba presencialmente en Massamagrell. El objetivo de este encuentro es dar a conocer las necesidades de las empresas valencianas en materia de empleo, especialmente en cuanto a perfiles que se demandan.<\/span><\/p>\n<p><span style=\"font-weight: 400;\">Arina Vovk explic\u00f3 qu\u00e9 es la biotecnolog\u00eda y c\u00f3mo <strong>EDYPRO<\/strong> la aplica para activar los genes de los cultivos, activando las funciones productivas que m\u00e1s interesan, y para garantizar la sostenibilidad de la tierra de cultivo. Adem\u00e1s, se\u00f1al\u00f3 la importancia que tiene el departamento de I+D+i para la compa\u00f1\u00eda y el trabajo que qu\u00edmicos y biotecn\u00f3logos realizan para desarrollar productos de gran calidad, eficaces en campo, sin residuos y que generen los mejores resultados en cuanto sabor y aspecto de la fruta.\u00a0<\/span><\/p>\n<p><img decoding=\"async\" class=\"size-medium wp-image-10404 aligncenter\" src=\"https:\/\/edyprobiotec.com\/wp-content\/uploads\/2021\/05\/arina-300x164.jpg\" alt=\"\" width=\"300\" height=\"164\" srcset=\"https:\/\/edyprobiotec.com\/wp-content\/uploads\/2021\/05\/arina-300x164.jpg 300w, https:\/\/edyprobiotec.com\/wp-content\/uploads\/2021\/05\/arina-1024x560.jpg 1024w, https:\/\/edyprobiotec.com\/wp-content\/uploads\/2021\/05\/arina-768x420.jpg 768w, https:\/\/edyprobiotec.com\/wp-content\/uploads\/2021\/05\/arina-1170x639.jpg 1170w, https:\/\/edyprobiotec.com\/wp-content\/uploads\/2021\/05\/arina.jpg 1396w\" sizes=\"(max-width: 300px) 100vw, 300px\" \/><\/p>\n<p><span style=\"font-weight: 400;\">Sobre las necesidades de recursos humanos que se plantean en <strong>EDYPRO<\/strong>, Vovk destac\u00f3 que buscan un perfil t\u00e9cnico con dotes comerciales, ya que trabajan con un producto innovador y conceptos de econom\u00eda agraria. Tambi\u00e9n remarc\u00f3 que tienen que ser personas con gran capacidad de adaptaci\u00f3n, pues las circunstancias que rodean al campo cambian con gran rapidez y la persona que trabaja con estas variables tiene que ser capaz de integrarlas r\u00e1pido y reaccionar de manera asertiva.\u00a0<\/span><\/p>\n<p><b>Perfil del buen candidato<\/b><\/p>\n<p><span style=\"font-weight: 400;\">La directora de Marketing de <strong>EDYPRO<\/strong> explic\u00f3 que la honestidad es uno de los valores que rigen las relaciones de la firma con sus clientes. \u201cLo que pretendemos es transmitir nuestro valor a nuestros clientes y hacerlo con las personas que sean capaces de hacerlo llegar a nuestro p\u00fablico objetivo\u201d, se\u00f1al\u00f3.<\/span><\/p>\n<p><span style=\"font-weight: 400;\">En este sentido tambi\u00e9n puso en relieve la importancia de que las personas sean resolutivas y productivas. \u201cDebemos ser microempresarios, siendo responsables de nuestro propio tiempo y sabiendo gestionarlo\u201d.<\/span><\/p>","protected":false},"excerpt":{"rendered":"<p>EDYPRO particip\u00f3 en el foro CONECTA LABORA de l\u00b4Horta Nord que se celebr\u00f3 el pasado 6 de mayo. En concreto, la directora de Marketing de la compa\u00f1\u00eda, Arina Vovk, estuvo presente en la mesa redonda virtual que se organiz\u00f3 en paralelo al desarrollo del foro que se celebraba presencialmente en Massamagrell. El objetivo de este [&hellip;]<\/p>\n","protected":false},"author":1,"featured_media":10403,"comment_status":"open","ping_status":"open","sticky":false,"template":"","format":"standard","meta":{"_acf_changed":false,"inline_featured_image":false,"footnotes":""},"categories":[56],"tags":[106,107,58,82,91],"class_list":["post-10400","post","type-post","status-publish","format-standard","has-post-thumbnail","hentry","category-actualidad","tag-agricultura","tag-agricultura-sostenible","tag-biotecnologia","tag-comunidad-valenciana","tag-empresa"],"acf":[],"_links":{"self":[{"href":"https:\/\/edyprobiotec.com\/it\/wp-json\/wp\/v2\/posts\/10400","targetHints":{"allow":["GET"]}}],"collection":[{"href":"https:\/\/edyprobiotec.com\/it\/wp-json\/wp\/v2\/posts"}],"about":[{"href":"https:\/\/edyprobiotec.com\/it\/wp-json\/wp\/v2\/types\/post"}],"author":[{"embeddable":true,"href":"https:\/\/edyprobiotec.com\/it\/wp-json\/wp\/v2\/users\/1"}],"replies":[{"embeddable":true,"href":"https:\/\/edyprobiotec.com\/it\/wp-json\/wp\/v2\/comments?post=10400"}],"version-history":[{"count":0,"href":"https:\/\/edyprobiotec.com\/it\/wp-json\/wp\/v2\/posts\/10400\/revisions"}],"wp:featuredmedia":[{"embeddable":true,"href":"https:\/\/edyprobiotec.com\/it\/wp-json\/wp\/v2\/media\/10403"}],"wp:attachment":[{"href":"https:\/\/edyprobiotec.com\/it\/wp-json\/wp\/v2\/media?parent=10400"}],"wp:term":[{"taxonomy":"category","embeddable":true,"href":"https:\/\/edyprobiotec.com\/it\/wp-json\/wp\/v2\/categories?post=10400"},{"taxonomy":"post_tag","embeddable":true,"href":"https:\/\/edyprobiotec.com\/it\/wp-json\/wp\/v2\/tags?post=10400"}],"curies":[{"name":"wp","href":"https:\/\/api.w.org\/{rel}","templated":true}]}}