{"id":1097,"date":"2015-08-25T00:00:00","date_gmt":"2015-08-25T00:00:00","guid":{"rendered":"https:\/\/www.edypro-online.com\/jornada-open-day-2015-de-sapise\/"},"modified":"2015-08-25T00:00:00","modified_gmt":"2015-08-25T00:00:00","slug":"jornada-open-day-2015-de-sapise","status":"publish","type":"post","link":"https:\/\/edyprobiotec.com\/it\/jornada-open-day-2015-de-sapise\/","title":{"rendered":"Jornada OPEN DAY 2015 de SAPISE"},"content":{"rendered":"<p style=\"text-align: justify;\"><strong style=\"color: #008000;\">EDYPRO<\/strong>\u00a0biotecnolog\u00eda participar\u00e1 el pr\u00f3ximo mi\u00e9rcoles 2 de Septiembre en la Jornada de Campo <span style=\"color: #339966;\"><strong><span style=\"font-size: medium;\">OPEN DAY 2015<\/span><\/strong><\/span> organizada por SAPISE en Italia.<\/p>\n<p style=\"text-align: justify;\">En dicha jornada\u00a0<strong style=\"color: #008000;\">EDYPRO<\/strong>, junto con los t\u00e9cnicos de SAPISE, presentar\u00e1 los exitosos resultados de\u00a0<strong style=\"color: #0000ff;\"><a href=\"https:\/\/edyprobiotec.com\/it\/catalogo\/tratamiento-semillas\/root-rice-\/\"><span style=\"color: #0000ff;\">ROOT RICE<\/span><\/a><\/strong>, en la estimulaci\u00f3n de\u00a0la\u00a0germinaci\u00f3n de la semilla de arroz.<\/p>\n<p><a href=\"https:\/\/edyprobiotec.com\/it\/images\/sapise%202015.jpg\/\"><img decoding=\"async\" style=\"display: block; margin-left: auto; margin-right: auto;\" src=\"https:\/\/edyprobiotec.com\/images\/sapise%202015.jpg\" width=\"600\" \/><\/a><\/p>\n<p><a href=\"https:\/\/edyprobiotec.com\/it\/images\/open%20day%202.jpg\/\"><img decoding=\"async\" class=\"null\" style=\"display: block; margin-left: auto; margin-right: auto;\" src=\"https:\/\/edyprobiotec.com\/images\/open%20day%202.jpg\" width=\"600\" \/><\/a><\/p>\n<p style=\"text-align: justify;\">En el siguiente enlace os informamos de las diferentes actividades que se realizar\u00e1n y el horario de la jornada\u00a0<span style=\"color: #008000;\"><strong><a href=\"https:\/\/edyprobiotec.com\/it\/images\/open%20day%202015.pdf\/\"><span style=\"color: #008000;\">https:\/\/edyprobiotec.com\/images\/open%20day%202015.pdf<\/span><\/a><\/strong><\/span><\/p>\n<p style=\"text-align: justify;\">","protected":false},"excerpt":{"rendered":"<p>EDYPRO\u00a0biotecnolog\u00eda participar\u00e1 el pr\u00f3ximo mi\u00e9rcoles 2 de Septiembre en la Jornada de Campo OPEN DAY 2015 organizada por SAPISE en Italia. En dicha jornada\u00a0EDYPRO, junto con los t\u00e9cnicos de SAPISE, presentar\u00e1 los exitosos resultados de\u00a0ROOT RICE, en la estimulaci\u00f3n de\u00a0la\u00a0germinaci\u00f3n de la semilla de arroz. En el siguiente enlace os informamos de las diferentes actividades [&hellip;]<\/p>\n","protected":false},"author":1,"featured_media":12496,"comment_status":"closed","ping_status":"closed","sticky":false,"template":"","format":"standard","meta":{"_acf_changed":false,"inline_featured_image":false,"footnotes":""},"categories":[56],"tags":[],"class_list":["post-1097","post","type-post","status-publish","format-standard","has-post-thumbnail","hentry","category-actualidad"],"acf":[],"_links":{"self":[{"href":"https:\/\/edyprobiotec.com\/it\/wp-json\/wp\/v2\/posts\/1097","targetHints":{"allow":["GET"]}}],"collection":[{"href":"https:\/\/edyprobiotec.com\/it\/wp-json\/wp\/v2\/posts"}],"about":[{"href":"https:\/\/edyprobiotec.com\/it\/wp-json\/wp\/v2\/types\/post"}],"author":[{"embeddable":true,"href":"https:\/\/edyprobiotec.com\/it\/wp-json\/wp\/v2\/users\/1"}],"replies":[{"embeddable":true,"href":"https:\/\/edyprobiotec.com\/it\/wp-json\/wp\/v2\/comments?post=1097"}],"version-history":[{"count":0,"href":"https:\/\/edyprobiotec.com\/it\/wp-json\/wp\/v2\/posts\/1097\/revisions"}],"wp:featuredmedia":[{"embeddable":true,"href":"https:\/\/edyprobiotec.com\/it\/wp-json\/wp\/v2\/media\/12496"}],"wp:attachment":[{"href":"https:\/\/edyprobiotec.com\/it\/wp-json\/wp\/v2\/media?parent=1097"}],"wp:term":[{"taxonomy":"category","embeddable":true,"href":"https:\/\/edyprobiotec.com\/it\/wp-json\/wp\/v2\/categories?post=1097"},{"taxonomy":"post_tag","embeddable":true,"href":"https:\/\/edyprobiotec.com\/it\/wp-json\/wp\/v2\/tags?post=1097"}],"curies":[{"name":"wp","href":"https:\/\/api.w.org\/{rel}","templated":true}]}}