{"id":1107,"date":"2015-09-16T00:00:00","date_gmt":"2015-09-16T00:00:00","guid":{"rendered":"https:\/\/www.edypro-online.com\/recoleccion-de-citricos-2015\/"},"modified":"2015-09-16T00:00:00","modified_gmt":"2015-09-16T00:00:00","slug":"recoleccion-de-citricos-2015","status":"publish","type":"post","link":"https:\/\/edyprobiotec.com\/it\/recoleccion-de-citricos-2015\/","title":{"rendered":"Recolecci\u00f3n de c\u00edtricos 2015"},"content":{"rendered":"<div style=\"text-align: justify;\"><span style=\"font-size: medium;\">La semana pasada empez\u00f3 en la Comunidad Valenciana la recolecci\u00f3n de naranjas de la campa\u00f1a 2015.\u00a0<\/span><\/div>\n<div style=\"text-align: justify;\"><\/div>\n<div style=\"text-align: justify;\"><span style=\"font-size: medium;\">Es importante destacar que este a\u00f1o, los consumidores mayoristas de c\u00edtricos prev\u00e9n una incremento de demanda entorno al 15%.\u00a0<\/span><\/div>\n<div style=\"text-align: justify;\"><span style=\"font-size: medium;\">\u00a0<\/span><\/div>\n<div style=\"text-align: justify;\"><span style=\"font-size: medium;\">Los principales exportadores de c\u00edtricos est\u00e1n muy atentos porque, este a\u00f1o, el aforo de cosecha da una bajada importante en el vol\u00famen de toneladas.<\/span><\/div>\n<div style=\"text-align: justify;\"><span style=\"font-size: medium;\">\u00a0<\/span><\/div>\n<div style=\"text-align: justify;\"><span style=\"font-size: medium;\">A la vez, est\u00e1n incrementando de modo importante las exigencias en el umbral de calidad: calibres, configuraci\u00f3n exterior del fruto y condiciones organol\u00e9pticas.\u00a0<\/span><\/div>\n<div style=\"text-align: justify;\"><span style=\"font-size: medium;\">\u00a0<\/span><\/div>\n<div style=\"text-align: justify;\">\n<hr \/>\n<p><span style=\"font-size: medium;\"><br \/>\n<\/span><\/div>\n<div style=\"text-align: justify;\"><\/div>\n<div><img decoding=\"async\" style=\"display: block; margin-left: auto; margin-right: auto;\" src=\"https:\/\/edyprobiotec.com\/images\/recolecci%C3%B3n%201.jpg\" width=\"600\" \/><\/div>\n<div><\/div>\n<div><\/div>\n<div>\n<hr \/>\n<\/div>\n<div><\/div>\n<div style=\"text-align: justify;\"><span style=\"font-size: medium;\">En el siguiente enlace del <strong><span style=\"color: #008000;\">Instituto Valenciano de Investigaciones Agrarias (IVIA)<\/span><\/strong><\/span><span style=\"font-size: medium;\">, podr\u00e1n ven con m\u00e1s detalle las <\/span><strong style=\"font-size: medium;\">fechas de recolecci\u00f3n seg\u00fan las variedades de c\u00edtricos<\/strong><span style=\"font-size: medium;\">.<\/span><\/div>\n<div style=\"text-align: justify;\"><span style=\"font-size: medium;\">\u00a0<\/span><\/div>\n<div style=\"text-align: justify;\"><span style=\"font-size: medium;\">\u00a0<\/span><\/div>\n<div style=\"text-align: justify;\">\n<div><span style=\"font-size: small;\">\u00a0<\/span><\/div>\n<div><span style=\"font-size: large; color: #0000ff;\"><strong><a href=\"https:\/\/edyprobiotec.com\/images\/CALENDARIO_RECOLECCION_CITRICOS.pdf\"><span style=\"color: #0000ff;\">http:\/\/www.ivia.es\/variedades\/CALENDARIO_RECOLECCION_CITRICOS.pdf<\/span><\/a><\/strong><\/span><\/div>\n<\/div>\n<div style=\"text-align: justify;\"><\/div>","protected":false},"excerpt":{"rendered":"<p>La semana pasada empez\u00f3 en la Comunidad Valenciana la recolecci\u00f3n de naranjas de la campa\u00f1a 2015.\u00a0 Es importante destacar que este a\u00f1o, los consumidores mayoristas de c\u00edtricos prev\u00e9n una incremento de demanda entorno al 15%.\u00a0 \u00a0 Los principales exportadores de c\u00edtricos est\u00e1n muy atentos porque, este a\u00f1o, el aforo de cosecha da una bajada importante [&hellip;]<\/p>\n","protected":false},"author":1,"featured_media":12500,"comment_status":"closed","ping_status":"closed","sticky":false,"template":"","format":"standard","meta":{"_acf_changed":false,"inline_featured_image":false,"footnotes":""},"categories":[56],"tags":[],"class_list":["post-1107","post","type-post","status-publish","format-standard","has-post-thumbnail","hentry","category-actualidad"],"acf":[],"_links":{"self":[{"href":"https:\/\/edyprobiotec.com\/it\/wp-json\/wp\/v2\/posts\/1107","targetHints":{"allow":["GET"]}}],"collection":[{"href":"https:\/\/edyprobiotec.com\/it\/wp-json\/wp\/v2\/posts"}],"about":[{"href":"https:\/\/edyprobiotec.com\/it\/wp-json\/wp\/v2\/types\/post"}],"author":[{"embeddable":true,"href":"https:\/\/edyprobiotec.com\/it\/wp-json\/wp\/v2\/users\/1"}],"replies":[{"embeddable":true,"href":"https:\/\/edyprobiotec.com\/it\/wp-json\/wp\/v2\/comments?post=1107"}],"version-history":[{"count":0,"href":"https:\/\/edyprobiotec.com\/it\/wp-json\/wp\/v2\/posts\/1107\/revisions"}],"wp:featuredmedia":[{"embeddable":true,"href":"https:\/\/edyprobiotec.com\/it\/wp-json\/wp\/v2\/media\/12500"}],"wp:attachment":[{"href":"https:\/\/edyprobiotec.com\/it\/wp-json\/wp\/v2\/media?parent=1107"}],"wp:term":[{"taxonomy":"category","embeddable":true,"href":"https:\/\/edyprobiotec.com\/it\/wp-json\/wp\/v2\/categories?post=1107"},{"taxonomy":"post_tag","embeddable":true,"href":"https:\/\/edyprobiotec.com\/it\/wp-json\/wp\/v2\/tags?post=1107"}],"curies":[{"name":"wp","href":"https:\/\/api.w.org\/{rel}","templated":true}]}}