{"id":1268,"date":"2014-10-06T00:00:00","date_gmt":"2014-10-06T00:00:00","guid":{"rendered":"https:\/\/www.edypro-online.com\/participacion-en-la-feria-vegetal-world\/"},"modified":"2014-10-06T00:00:00","modified_gmt":"2014-10-06T00:00:00","slug":"participacion-en-la-feria-vegetal-world","status":"publish","type":"post","link":"https:\/\/edyprobiotec.com\/it\/participacion-en-la-feria-vegetal-world\/","title":{"rendered":"Participaci\u00f3n en la feria Vegetal World"},"content":{"rendered":"<p><i>De 1 a 3 de Octubre EDYPRO ha participado en la Feria VEGETAL WORLD presentando sus productos de biotecnolog\u00eda y los resultados que conseguimos en varios cultivos con nuestra biotecnolog\u00eda y nuestra agricultura de precisi\u00f3n.<\/i><\/p>\n<p>Teniendo en cuenta los cultivos de mayor importancia para la zona, hemos presentado las soluciones que permiten incrementar los rendimientos en Kg \/ superficie y lograr mayor calidad de los frutos.<br \/>\nGracias a todos los clientes que nos han visitado, nuestro objetivo es dar en cada momento la asistencia m\u00e1s completa y personalizada posible para cada uno.<\/p>\n<p>En la presentaci\u00f3n, la degustaci\u00f3n de los frutos cultivados con nuestra biotecnolog\u00eda (c\u00edtricos llamados Clemenrrubi y Oronules de provincia Castell\u00f3n \u00a0tratados con EDYFRUIT ENGORDE, caquis de provincia Valencia de aspecto rojo brillante tratados con S\u00daPER ENGORDE CAQUI, tomates cherry y pimientos mini tratados con PROCUAJE RADICULAR y EDYFRUIT ENGORDE RADICULAR, de la costa de Armer\u00eda) ha tenido mucho \u00e9xito mostrando por si mismo de la calidad, el tama\u00f1o estandarizado, el color y las elevadas condiciones organolepticas que aportan en los frutos nuestra biotecnolog\u00eda.<\/p>\n<p><iframe src=\"https:\/\/www.youtube.com\/embed\/DteiXdxua00\" width=\"560\" height=\"315\" frameborder=\"0\" allowfullscreen=\"allowfullscreen\"><\/iframe><\/p>","protected":false},"excerpt":{"rendered":"<p>De 1 a 3 de Octubre EDYPRO ha participado en la Feria VEGETAL WORLD presentando sus productos de biotecnolog\u00eda y los resultados que conseguimos en varios cultivos con nuestra biotecnolog\u00eda y nuestra agricultura de precisi\u00f3n. Teniendo en cuenta los cultivos de mayor importancia para la zona, hemos presentado las soluciones que permiten incrementar los rendimientos [&hellip;]<\/p>\n","protected":false},"author":1,"featured_media":13352,"comment_status":"closed","ping_status":"closed","sticky":false,"template":"","format":"standard","meta":{"_acf_changed":false,"inline_featured_image":false,"footnotes":""},"categories":[56],"tags":[],"class_list":["post-1268","post","type-post","status-publish","format-standard","has-post-thumbnail","hentry","category-actualidad"],"acf":[],"_links":{"self":[{"href":"https:\/\/edyprobiotec.com\/it\/wp-json\/wp\/v2\/posts\/1268","targetHints":{"allow":["GET"]}}],"collection":[{"href":"https:\/\/edyprobiotec.com\/it\/wp-json\/wp\/v2\/posts"}],"about":[{"href":"https:\/\/edyprobiotec.com\/it\/wp-json\/wp\/v2\/types\/post"}],"author":[{"embeddable":true,"href":"https:\/\/edyprobiotec.com\/it\/wp-json\/wp\/v2\/users\/1"}],"replies":[{"embeddable":true,"href":"https:\/\/edyprobiotec.com\/it\/wp-json\/wp\/v2\/comments?post=1268"}],"version-history":[{"count":0,"href":"https:\/\/edyprobiotec.com\/it\/wp-json\/wp\/v2\/posts\/1268\/revisions"}],"wp:featuredmedia":[{"embeddable":true,"href":"https:\/\/edyprobiotec.com\/it\/wp-json\/wp\/v2\/media\/13352"}],"wp:attachment":[{"href":"https:\/\/edyprobiotec.com\/it\/wp-json\/wp\/v2\/media?parent=1268"}],"wp:term":[{"taxonomy":"category","embeddable":true,"href":"https:\/\/edyprobiotec.com\/it\/wp-json\/wp\/v2\/categories?post=1268"},{"taxonomy":"post_tag","embeddable":true,"href":"https:\/\/edyprobiotec.com\/it\/wp-json\/wp\/v2\/tags?post=1268"}],"curies":[{"name":"wp","href":"https:\/\/api.w.org\/{rel}","templated":true}]}}