{"id":1271,"date":"2014-09-16T00:00:00","date_gmt":"2014-09-16T00:00:00","guid":{"rendered":"https:\/\/www.edypro-online.com\/participacion-en-la-feria-de-feria-de-ramaderia-y-maquinaria-agricola-en-nules\/"},"modified":"2014-09-16T00:00:00","modified_gmt":"2014-09-16T00:00:00","slug":"participacion-en-la-feria-de-feria-de-ramaderia-y-maquinaria-agricola-en-nules","status":"publish","type":"post","link":"https:\/\/edyprobiotec.com\/it\/participacion-en-la-feria-de-feria-de-ramaderia-y-maquinaria-agricola-en-nules\/","title":{"rendered":"Participaci\u00f3n en la feria de Feria de Ramaderia y Maquinaria agr\u00edcola en Nules"},"content":{"rendered":"<p>Del 18 al 21 de Septiembre en Nules se celebrar\u00e1 la LXVIII Feria de Ramaderia y Maquinaria agr\u00edcola.<\/p>\n<p>EDYPRO junto con MEGA AGR\u00cdCOLA estar\u00e1n presentes en la LXVIII Fira de Ramaderia i maquin\u00e0ria agr\u00edcola del 18 al 21 de Septiembre en Nules.<\/p>\n<p>Les invitamos a nuestro stand!<\/p>\n<p>&nbsp;<\/p>","protected":false},"excerpt":{"rendered":"<p>Del 18 al 21 de Septiembre en Nules se celebrar\u00e1 la LXVIII Feria de Ramaderia y Maquinaria agr\u00edcola. EDYPRO junto con MEGA AGR\u00cdCOLA estar\u00e1n presentes en la LXVIII Fira de Ramaderia i maquin\u00e0ria agr\u00edcola del 18 al 21 de Septiembre en Nules. Les invitamos a nuestro stand! &nbsp;<\/p>","protected":false},"author":1,"featured_media":12366,"comment_status":"closed","ping_status":"closed","sticky":false,"template":"","format":"standard","meta":{"_acf_changed":false,"inline_featured_image":false,"footnotes":""},"categories":[56],"tags":[],"class_list":["post-1271","post","type-post","status-publish","format-standard","has-post-thumbnail","hentry","category-actualidad"],"acf":[],"_links":{"self":[{"href":"https:\/\/edyprobiotec.com\/it\/wp-json\/wp\/v2\/posts\/1271","targetHints":{"allow":["GET"]}}],"collection":[{"href":"https:\/\/edyprobiotec.com\/it\/wp-json\/wp\/v2\/posts"}],"about":[{"href":"https:\/\/edyprobiotec.com\/it\/wp-json\/wp\/v2\/types\/post"}],"author":[{"embeddable":true,"href":"https:\/\/edyprobiotec.com\/it\/wp-json\/wp\/v2\/users\/1"}],"replies":[{"embeddable":true,"href":"https:\/\/edyprobiotec.com\/it\/wp-json\/wp\/v2\/comments?post=1271"}],"version-history":[{"count":0,"href":"https:\/\/edyprobiotec.com\/it\/wp-json\/wp\/v2\/posts\/1271\/revisions"}],"wp:featuredmedia":[{"embeddable":true,"href":"https:\/\/edyprobiotec.com\/it\/wp-json\/wp\/v2\/media\/12366"}],"wp:attachment":[{"href":"https:\/\/edyprobiotec.com\/it\/wp-json\/wp\/v2\/media?parent=1271"}],"wp:term":[{"taxonomy":"category","embeddable":true,"href":"https:\/\/edyprobiotec.com\/it\/wp-json\/wp\/v2\/categories?post=1271"},{"taxonomy":"post_tag","embeddable":true,"href":"https:\/\/edyprobiotec.com\/it\/wp-json\/wp\/v2\/tags?post=1271"}],"curies":[{"name":"wp","href":"https:\/\/api.w.org\/{rel}","templated":true}]}}