{"id":1274,"date":"2012-02-15T00:00:00","date_gmt":"2012-02-15T00:00:00","guid":{"rendered":"https:\/\/www.edypro-online.com\/presentacion-del-iv-plan-de-igualdad-de-oportunidades-pio-entre-hombres-y-mujeres-2011-2014\/"},"modified":"2012-02-15T00:00:00","modified_gmt":"2012-02-15T00:00:00","slug":"presentacion-del-iv-plan-de-igualdad-de-oportunidades-pio-entre-hombres-y-mujeres-2011-2014","status":"publish","type":"post","link":"https:\/\/edyprobiotec.com\/it\/presentacion-del-iv-plan-de-igualdad-de-oportunidades-pio-entre-hombres-y-mujeres-2011-2014\/","title":{"rendered":"Presentaci\u00f3n del IV Plan de Igualdad de Oportunidades (PIO) entre hombres y mujeres 2011-2014"},"content":{"rendered":"<p><strong>EDYPRO<\/strong> biotecnolog\u00eda estuvo presente en la presentaci\u00f3n de IV Plan de Igualdad de Oportunidades (PIO) entre hombres y mujeres 2011 &#8211; 2014.<\/p>\n<p>El pasado 13 de Febrero El President de la Generalitat, Alberto Fabra, presidi\u00f3 el acto de presentaci\u00f3n del IV Plan de Igualdad de Oportunidades (PIO) entre Hombres y Mujeres 2011-2014.<\/p>\n<p>D. Rita Barber\u00e1, Alcaldesa de Valencia, como responsable de la ciudad merecedora, en 2010, del Premio \u201cConstruyendo municipios iguales de oportunidades\u201d explic\u00f3 que el nuevo Plan supone \u201cun nuevo y decisivo paso para erradicar todas las situaciones de desigualdad que, cada vez en menor medida, se producen en nuestra sociedad\u201d.<\/p>\n<p><strong>EDYPRO<\/strong> ha dedicado su esfuerzo desde el inicio de su andadura, por la Igualdad entre mujeres y hombres.<\/p>\n<p><strong>EDYPRO<\/strong> agradece el apoyo recibido por parte de las Instituciones.<\/p>","protected":false},"excerpt":{"rendered":"<p>EDYPRO biotecnolog\u00eda estuvo presente en la presentaci\u00f3n de IV Plan de Igualdad de Oportunidades (PIO) entre hombres y mujeres 2011 &#8211; 2014. El pasado 13 de Febrero El President de la Generalitat, Alberto Fabra, presidi\u00f3 el acto de presentaci\u00f3n del IV Plan de Igualdad de Oportunidades (PIO) entre Hombres y Mujeres 2011-2014. D. Rita Barber\u00e1, [&hellip;]<\/p>\n","protected":false},"author":1,"featured_media":12369,"comment_status":"closed","ping_status":"closed","sticky":false,"template":"","format":"standard","meta":{"_acf_changed":false,"inline_featured_image":false,"footnotes":""},"categories":[56],"tags":[],"class_list":["post-1274","post","type-post","status-publish","format-standard","has-post-thumbnail","hentry","category-actualidad"],"acf":[],"_links":{"self":[{"href":"https:\/\/edyprobiotec.com\/it\/wp-json\/wp\/v2\/posts\/1274","targetHints":{"allow":["GET"]}}],"collection":[{"href":"https:\/\/edyprobiotec.com\/it\/wp-json\/wp\/v2\/posts"}],"about":[{"href":"https:\/\/edyprobiotec.com\/it\/wp-json\/wp\/v2\/types\/post"}],"author":[{"embeddable":true,"href":"https:\/\/edyprobiotec.com\/it\/wp-json\/wp\/v2\/users\/1"}],"replies":[{"embeddable":true,"href":"https:\/\/edyprobiotec.com\/it\/wp-json\/wp\/v2\/comments?post=1274"}],"version-history":[{"count":0,"href":"https:\/\/edyprobiotec.com\/it\/wp-json\/wp\/v2\/posts\/1274\/revisions"}],"wp:featuredmedia":[{"embeddable":true,"href":"https:\/\/edyprobiotec.com\/it\/wp-json\/wp\/v2\/media\/12369"}],"wp:attachment":[{"href":"https:\/\/edyprobiotec.com\/it\/wp-json\/wp\/v2\/media?parent=1274"}],"wp:term":[{"taxonomy":"category","embeddable":true,"href":"https:\/\/edyprobiotec.com\/it\/wp-json\/wp\/v2\/categories?post=1274"},{"taxonomy":"post_tag","embeddable":true,"href":"https:\/\/edyprobiotec.com\/it\/wp-json\/wp\/v2\/tags?post=1274"}],"curies":[{"name":"wp","href":"https:\/\/api.w.org\/{rel}","templated":true}]}}