{"id":1279,"date":"2011-07-01T00:00:00","date_gmt":"2011-07-01T00:00:00","guid":{"rendered":"https:\/\/www.edypro-online.com\/edypro-innovacion-e-investigacion-con-las-maximas-autoridades\/"},"modified":"2011-07-01T00:00:00","modified_gmt":"2011-07-01T00:00:00","slug":"edypro-innovacion-e-investigacion-con-las-maximas-autoridades","status":"publish","type":"post","link":"https:\/\/edyprobiotec.com\/it\/edypro-innovacion-e-investigacion-con-las-maximas-autoridades\/","title":{"rendered":"EDYPRO, Innovaci\u00f3n e Investigaci\u00f3n con las m\u00e1ximas autoridades"},"content":{"rendered":"<p>Un a\u00f1o m\u00e1s, <strong>EDYPRO<\/strong> fue invitado al acto de presentaci\u00f3n del Informe Anual de <strong>COTEC<\/strong>, presidido por S.M. El Rey.<\/p>\n<p>En el Informe anual de COTEC, <strong>EDYPRO<\/strong> aprueba con alta nota todos los requisitos exigidos como <strong>Empresa de Futuro.<\/strong><\/p>\n<p>COTEC es una fundaci\u00f3n de origen empresarial que tiene como misi\u00f3n contribuir al desarrollo del pa\u00eds mediante el fomento de la innovaci\u00f3n tecnol\u00f3gica en la empresa y en la sociedad espa\u00f1ola.<\/p>\n<p>El d\u00eda 1 de Junio de 2.011 se ha celebrado la Asamblea anual de la Fundaci\u00f3n COTEC con motivo de la presentaci\u00f3n p\u00fablica de su \u201cInforme 2011 sobre Tecnolog\u00eda e Innovaci\u00f3n en Espa\u00f1a\u201d, que analiza los principales indicadores de I+D e innovaci\u00f3n en Espa\u00f1a, a escala nacional y por Comunidades Aut\u00f3nomas, y su comparaci\u00f3n internacional.<\/p>\n<p>El documento ha sido presentado en el Palacio de Congresos de Madrid en un acto presidido por S.M. el Rey, Presidente de Honor y principal impulsor de la Fundaci\u00f3n, al que han asistido los representantes del Patronato de Cotec y m\u00e1s de un millar de invitados.<\/p>\n<p>El acto ha contado tambi\u00e9n con la intervenci\u00f3n de la Ministra de Ciencia e Innovaci\u00f3n, D\u00f1a. Cristina Garmendia, del Presidente de Cotec, D.Jos\u00e9 Angel S\u00e1nchez Asia\u00edn, y del Director General de Cotec, D.Juan Mulet, quienes han estado acompa\u00f1ados en la mesa presidencial por el Secretario de Estado de Telecomunicaciones y para la Sociedad de la Informaci\u00f3n, D.Juan Junquera, y los Vicepresidentes de COTEC: D.Fernando Franc\u00e9s, Presidente de Everis, y D.Francisco Vallejo, de la Junta de Andaluc\u00eda.<\/p>\n<p>Los datos recogidos en el Informe COTEC 2011 reflejan c\u00f3mo los efectos de la crisis, que ya est\u00e1 empezando a remitir en los principales pa\u00edses de referencia, siguen todav\u00eda muy presentes en nuestra econom\u00eda, donde los sectores que tienen mejores perspectivas son solo aquellos que son capaces de competir con sus productos y servicios en el mercado global y que no son otros que aquellos que, en su momento, asumieron la necesidad de basar su competitividad en la innovaci\u00f3n.<\/p>\n<p>Agradecimientos:<\/p>\n<p>Gracias a la confianza de todos nuestros clientes, proveedores, colaboradores y entorno directo, que nos empuja a cumplir nuestra visi\u00f3n de ser una organizaci\u00f3n referente en<strong> Investigaci\u00f3n Biotecnol\u00f3gica para la Agricultura.<\/strong><\/p>","protected":false},"excerpt":{"rendered":"<p>Un a\u00f1o m\u00e1s, EDYPRO fue invitado al acto de presentaci\u00f3n del Informe Anual de COTEC, presidido por S.M. El Rey. En el Informe anual de COTEC, EDYPRO aprueba con alta nota todos los requisitos exigidos como Empresa de Futuro. COTEC es una fundaci\u00f3n de origen empresarial que tiene como misi\u00f3n contribuir al desarrollo del pa\u00eds [&hellip;]<\/p>\n","protected":false},"author":1,"featured_media":12375,"comment_status":"closed","ping_status":"closed","sticky":false,"template":"","format":"standard","meta":{"_acf_changed":false,"inline_featured_image":false,"footnotes":""},"categories":[56],"tags":[],"class_list":["post-1279","post","type-post","status-publish","format-standard","has-post-thumbnail","hentry","category-actualidad"],"acf":[],"_links":{"self":[{"href":"https:\/\/edyprobiotec.com\/it\/wp-json\/wp\/v2\/posts\/1279","targetHints":{"allow":["GET"]}}],"collection":[{"href":"https:\/\/edyprobiotec.com\/it\/wp-json\/wp\/v2\/posts"}],"about":[{"href":"https:\/\/edyprobiotec.com\/it\/wp-json\/wp\/v2\/types\/post"}],"author":[{"embeddable":true,"href":"https:\/\/edyprobiotec.com\/it\/wp-json\/wp\/v2\/users\/1"}],"replies":[{"embeddable":true,"href":"https:\/\/edyprobiotec.com\/it\/wp-json\/wp\/v2\/comments?post=1279"}],"version-history":[{"count":0,"href":"https:\/\/edyprobiotec.com\/it\/wp-json\/wp\/v2\/posts\/1279\/revisions"}],"wp:featuredmedia":[{"embeddable":true,"href":"https:\/\/edyprobiotec.com\/it\/wp-json\/wp\/v2\/media\/12375"}],"wp:attachment":[{"href":"https:\/\/edyprobiotec.com\/it\/wp-json\/wp\/v2\/media?parent=1279"}],"wp:term":[{"taxonomy":"category","embeddable":true,"href":"https:\/\/edyprobiotec.com\/it\/wp-json\/wp\/v2\/categories?post=1279"},{"taxonomy":"post_tag","embeddable":true,"href":"https:\/\/edyprobiotec.com\/it\/wp-json\/wp\/v2\/tags?post=1279"}],"curies":[{"name":"wp","href":"https:\/\/api.w.org\/{rel}","templated":true}]}}