{"id":1280,"date":"2010-07-05T00:00:00","date_gmt":"2010-07-05T00:00:00","guid":{"rendered":"https:\/\/www.edypro-online.com\/edypro-a-la-vanguardia-de-la-tecnologia\/"},"modified":"2010-07-05T00:00:00","modified_gmt":"2010-07-05T00:00:00","slug":"edypro-a-la-vanguardia-de-la-tecnologia","status":"publish","type":"post","link":"https:\/\/edyprobiotec.com\/it\/edypro-a-la-vanguardia-de-la-tecnologia\/","title":{"rendered":"EDYPRO a la vanguardia de la tecnolog\u00eda"},"content":{"rendered":"<p style=\"text-align: justify;\"><strong>EDYPRO<\/strong>, ELEGIDA COMO EMPRESA QUE FORMA PARTE DEL CONJUNTO DE COMPA\u00d1\u00cdAS TRACTORAS DE LA ECONOM\u00cdA DE FUTURO EN ESPA\u00d1A.<\/p>\n<p style=\"text-align: justify;\">El martes, d\u00eda 22 de Junio de 2.010, COTEC ha celebrado su asamblea anual y presentaci\u00f3n del informe 2010 sobre Tecnolog\u00eda e Innovaci\u00f3n en Espa\u00f1a. El acto fue presidido por S.M. el Rey, Presidente de Honor y principal impulsor de COTEC y cont\u00f3 con las intervenciones del Ministro de Educaci\u00f3n, Pol\u00edtica Social y Deporte, \u00c1ngel Gabilondo; de la Ministra de Ciencia e Innovaci\u00f3n, Cristina Garmendia; del Presidente de COTEC, Jos\u00e9 \u00c1ngel S\u00e1nchez Asia\u00edn; y del Director General de CORTEC, Juan Mulet; adem\u00e1s de la presencia de empresas y pymes, entre las que se encontraba <strong>EDYPRO<\/strong>.<\/p>\n<p style=\"text-align: justify;\">Agradecimientos:<\/p>\n<p style=\"text-align: justify;\">Gracias a la confianza de todos nuestros clientes, proveedores y entorno directo, que nos empuja a cumplir nuestra visi\u00f3n de ser una organizaci\u00f3n referente en \u00a0<strong>INVESTIGACI\u00d3N TECNOL\u00d3GICA para la AGRICULTURA<\/strong><\/p>","protected":false},"excerpt":{"rendered":"<p>EDYPRO, ELEGIDA COMO EMPRESA QUE FORMA PARTE DEL CONJUNTO DE COMPA\u00d1\u00cdAS TRACTORAS DE LA ECONOM\u00cdA DE FUTURO EN ESPA\u00d1A. El martes, d\u00eda 22 de Junio de 2.010, COTEC ha celebrado su asamblea anual y presentaci\u00f3n del informe 2010 sobre Tecnolog\u00eda e Innovaci\u00f3n en Espa\u00f1a. El acto fue presidido por S.M. el Rey, Presidente de Honor [&hellip;]<\/p>\n","protected":false},"author":1,"featured_media":12376,"comment_status":"closed","ping_status":"closed","sticky":false,"template":"","format":"standard","meta":{"_acf_changed":false,"inline_featured_image":false,"footnotes":""},"categories":[56],"tags":[],"class_list":["post-1280","post","type-post","status-publish","format-standard","has-post-thumbnail","hentry","category-actualidad"],"acf":[],"_links":{"self":[{"href":"https:\/\/edyprobiotec.com\/it\/wp-json\/wp\/v2\/posts\/1280","targetHints":{"allow":["GET"]}}],"collection":[{"href":"https:\/\/edyprobiotec.com\/it\/wp-json\/wp\/v2\/posts"}],"about":[{"href":"https:\/\/edyprobiotec.com\/it\/wp-json\/wp\/v2\/types\/post"}],"author":[{"embeddable":true,"href":"https:\/\/edyprobiotec.com\/it\/wp-json\/wp\/v2\/users\/1"}],"replies":[{"embeddable":true,"href":"https:\/\/edyprobiotec.com\/it\/wp-json\/wp\/v2\/comments?post=1280"}],"version-history":[{"count":0,"href":"https:\/\/edyprobiotec.com\/it\/wp-json\/wp\/v2\/posts\/1280\/revisions"}],"wp:featuredmedia":[{"embeddable":true,"href":"https:\/\/edyprobiotec.com\/it\/wp-json\/wp\/v2\/media\/12376"}],"wp:attachment":[{"href":"https:\/\/edyprobiotec.com\/it\/wp-json\/wp\/v2\/media?parent=1280"}],"wp:term":[{"taxonomy":"category","embeddable":true,"href":"https:\/\/edyprobiotec.com\/it\/wp-json\/wp\/v2\/categories?post=1280"},{"taxonomy":"post_tag","embeddable":true,"href":"https:\/\/edyprobiotec.com\/it\/wp-json\/wp\/v2\/tags?post=1280"}],"curies":[{"name":"wp","href":"https:\/\/api.w.org\/{rel}","templated":true}]}}