{"id":1282,"date":"2015-06-15T00:00:00","date_gmt":"2015-06-15T00:00:00","guid":{"rendered":"https:\/\/www.edypro-online.com\/mejora-de-produccion-en-la-variedad-orri\/"},"modified":"2015-06-15T00:00:00","modified_gmt":"2015-06-15T00:00:00","slug":"mejora-de-produccion-en-la-variedad-orri","status":"publish","type":"post","link":"https:\/\/edyprobiotec.com\/it\/mejora-de-produccion-en-la-variedad-orri\/","title":{"rendered":"MEJORA DE PRODUCCI\u00d3N EN LA VARIEDAD ORRI"},"content":{"rendered":"<p style=\"text-align: justify;\">Recientemente, gracias a la biotecnolog\u00eda de EDYPRO, hemos obtenido unos exitosos resultados en la zona de Almer\u00eda.<\/p>\n<p style=\"text-align: justify;\">En tres parcelas con la variedad Orri, surgen unos notables problemas de producci\u00f3n, floraci\u00f3n ciega y carencia de calcio, causados por unos desequilibrios nutricionales.<\/p>\n<p style=\"text-align: justify;\">Como consecuencia de la dificultad que tiene para alimentarse del suelo de la finca, se da una situaci\u00f3n de decaimiento progresivo.<\/p>\n<p style=\"text-align: justify;\">El tratamiento recomendado por EDYPRO biotecnolog\u00eda, despu\u00e9s de visitar las parcelas, es:<\/p>\n<p style=\"text-align: justify;\">Mediante aplicaci\u00f3n foliar:<\/p>\n<p style=\"padding-left: 30px;\">&#8211; AMINOPLUS<\/p>\n<p style=\"padding-left: 30px;\">&#8211; EDYMAG<\/p>\n<p style=\"padding-left: 30px;\">&#8211; HYDROCAL<\/p>\n<p style=\"padding-left: 30px;\">&#8211; ALGATRON<\/p>\n<p style=\"padding-left: 30px;\">&#8211; ENDOFOSFITO<\/p>\n<p style=\"padding-left: 30px;\">&#8211; MELASTOP<\/p>\n<p>Mediante aplicaci\u00f3n radicular:<\/p>\n<p style=\"padding-left: 30px;\">&#8211; COUPE REGENERACI\u00d3N<\/p>\n<p style=\"padding-left: 30px;\">&#8211; ORGANOVITAL<\/p>\n<p>Pasados dos meses, la mejor\u00eda observada en el arbolado es notable, as\u00ed como el tama\u00f1o, el color y el brillo de las hojas.<\/p>\n<p>En nuestra p\u00e1gina de Blogger, mediante unas im\u00e1genes comparativas, pueden observarse las notables mejoras antes y despu\u00e9s de la aplicaci\u00f3n de los productos de EDYPRO biotecnolog\u00eda.<span style=\"color: #0000ff;\">\u00a0<a href=\"http:\/\/edyprobiotecnologia.blogspot.com.es\/\"><span style=\"color: #0000ff;\">http:\/\/edyprobiotecnologia.blogspot.com.es\/<\/span><\/a><\/span><\/p>","protected":false},"excerpt":{"rendered":"<p>Recientemente, gracias a la biotecnolog\u00eda de EDYPRO, hemos obtenido unos exitosos resultados en la zona de Almer\u00eda. En tres parcelas con la variedad Orri, surgen unos notables problemas de producci\u00f3n, floraci\u00f3n ciega y carencia de calcio, causados por unos desequilibrios nutricionales. Como consecuencia de la dificultad que tiene para alimentarse del suelo de la finca, [&hellip;]<\/p>\n","protected":false},"author":1,"featured_media":12378,"comment_status":"closed","ping_status":"closed","sticky":false,"template":"","format":"standard","meta":{"_acf_changed":false,"inline_featured_image":false,"footnotes":""},"categories":[56],"tags":[],"class_list":["post-1282","post","type-post","status-publish","format-standard","has-post-thumbnail","hentry","category-actualidad"],"acf":[],"_links":{"self":[{"href":"https:\/\/edyprobiotec.com\/it\/wp-json\/wp\/v2\/posts\/1282","targetHints":{"allow":["GET"]}}],"collection":[{"href":"https:\/\/edyprobiotec.com\/it\/wp-json\/wp\/v2\/posts"}],"about":[{"href":"https:\/\/edyprobiotec.com\/it\/wp-json\/wp\/v2\/types\/post"}],"author":[{"embeddable":true,"href":"https:\/\/edyprobiotec.com\/it\/wp-json\/wp\/v2\/users\/1"}],"replies":[{"embeddable":true,"href":"https:\/\/edyprobiotec.com\/it\/wp-json\/wp\/v2\/comments?post=1282"}],"version-history":[{"count":0,"href":"https:\/\/edyprobiotec.com\/it\/wp-json\/wp\/v2\/posts\/1282\/revisions"}],"wp:featuredmedia":[{"embeddable":true,"href":"https:\/\/edyprobiotec.com\/it\/wp-json\/wp\/v2\/media\/12378"}],"wp:attachment":[{"href":"https:\/\/edyprobiotec.com\/it\/wp-json\/wp\/v2\/media?parent=1282"}],"wp:term":[{"taxonomy":"category","embeddable":true,"href":"https:\/\/edyprobiotec.com\/it\/wp-json\/wp\/v2\/categories?post=1282"},{"taxonomy":"post_tag","embeddable":true,"href":"https:\/\/edyprobiotec.com\/it\/wp-json\/wp\/v2\/tags?post=1282"}],"curies":[{"name":"wp","href":"https:\/\/api.w.org\/{rel}","templated":true}]}}