{"id":1284,"date":"2015-08-19T00:00:00","date_gmt":"2015-08-19T00:00:00","guid":{"rendered":"https:\/\/www.edypro-online.com\/edicion-2015-de-la-jornada-de-campo-del-arroz-de-irta\/"},"modified":"2015-08-19T00:00:00","modified_gmt":"2015-08-19T00:00:00","slug":"edicion-2015-de-la-jornada-de-campo-del-arroz-de-irta","status":"publish","type":"post","link":"https:\/\/edyprobiotec.com\/it\/edicion-2015-de-la-jornada-de-campo-del-arroz-de-irta\/","title":{"rendered":"Edici\u00f3n 2015 de la Jornada de campo del arroz de IRTA"},"content":{"rendered":"<p style=\"text-align: justify;\">El pr\u00f3ximo jueves 27 de Agosto,\u00a0<strong style=\"color: #008000;\">EDYPRO<\/strong>\u00a0participar\u00e1 en la Jornada de Campo de Arroz.<\/p>\n<p style=\"text-align: justify;\">IRTA organiza este evento con el objetivo de mostrar los resultados de los ensayos que se realizan, y adem\u00e1s acercar las novedades del sector arrocero a las empresas interesadas. Ser\u00e1 una oportunidad \u00fanica por tener un contacto directo entre productores, empresas comerciales, t\u00e9cnicos y todos los agentes vinculados al mundo arrocero, tanto a nivel de Catalu\u00f1a como del resto del territorio espa\u00f1ol.<\/p>\n<p style=\"text-align: justify;\"><strong style=\"color: #008000;\">EDYPRO<\/strong>\u00a0mostrar\u00e1 a todos los participantes los resultados de las aplicaciones realizadas con los productos\u00a0<strong style=\"color: #0000ff; text-align: justify;\"><span style=\"color: #0000ff;\">ROOT RICE<\/span><\/strong>\u00a0y\u00a0<strong><span style=\"color: #000080;\">COUPE REGENERACI\u00d3N<\/span>\u00a0<span style=\"color: #ff0000;\">Plus<\/span><\/strong>.<\/p>\n<p style=\"text-align: justify;\">","protected":false},"excerpt":{"rendered":"<p>El pr\u00f3ximo jueves 27 de Agosto,\u00a0EDYPRO\u00a0participar\u00e1 en la Jornada de Campo de Arroz. IRTA organiza este evento con el objetivo de mostrar los resultados de los ensayos que se realizan, y adem\u00e1s acercar las novedades del sector arrocero a las empresas interesadas. Ser\u00e1 una oportunidad \u00fanica por tener un contacto directo entre productores, empresas comerciales, [&hellip;]<\/p>\n","protected":false},"author":1,"featured_media":12494,"comment_status":"closed","ping_status":"closed","sticky":false,"template":"","format":"standard","meta":{"_acf_changed":false,"inline_featured_image":false,"footnotes":""},"categories":[56],"tags":[],"class_list":["post-1284","post","type-post","status-publish","format-standard","has-post-thumbnail","hentry","category-actualidad"],"acf":[],"_links":{"self":[{"href":"https:\/\/edyprobiotec.com\/it\/wp-json\/wp\/v2\/posts\/1284","targetHints":{"allow":["GET"]}}],"collection":[{"href":"https:\/\/edyprobiotec.com\/it\/wp-json\/wp\/v2\/posts"}],"about":[{"href":"https:\/\/edyprobiotec.com\/it\/wp-json\/wp\/v2\/types\/post"}],"author":[{"embeddable":true,"href":"https:\/\/edyprobiotec.com\/it\/wp-json\/wp\/v2\/users\/1"}],"replies":[{"embeddable":true,"href":"https:\/\/edyprobiotec.com\/it\/wp-json\/wp\/v2\/comments?post=1284"}],"version-history":[{"count":0,"href":"https:\/\/edyprobiotec.com\/it\/wp-json\/wp\/v2\/posts\/1284\/revisions"}],"wp:featuredmedia":[{"embeddable":true,"href":"https:\/\/edyprobiotec.com\/it\/wp-json\/wp\/v2\/media\/12494"}],"wp:attachment":[{"href":"https:\/\/edyprobiotec.com\/it\/wp-json\/wp\/v2\/media?parent=1284"}],"wp:term":[{"taxonomy":"category","embeddable":true,"href":"https:\/\/edyprobiotec.com\/it\/wp-json\/wp\/v2\/categories?post=1284"},{"taxonomy":"post_tag","embeddable":true,"href":"https:\/\/edyprobiotec.com\/it\/wp-json\/wp\/v2\/tags?post=1284"}],"curies":[{"name":"wp","href":"https:\/\/api.w.org\/{rel}","templated":true}]}}