{"id":8935,"date":"2015-09-03T00:00:00","date_gmt":"2015-09-03T00:00:00","guid":{"rendered":"https:\/\/www.edypro-online.com\/jornada-tecnica-de-arroz-en-valencia\/"},"modified":"2015-09-03T00:00:00","modified_gmt":"2015-09-03T00:00:00","slug":"jornada-tecnica-de-arroz-en-valencia","status":"publish","type":"post","link":"https:\/\/edyprobiotec.com\/it\/jornada-tecnica-de-arroz-en-valencia\/","title":{"rendered":"Jornada T\u00e9cnica de Arroz en Valencia"},"content":{"rendered":"<p class=\"MsoNormal\" style=\"mso-margin-top-alt: auto; mso-margin-bottom-alt: auto; text-align: justify;\"><span style=\"font-size: small; line-height: 107%; font-family: Verdana, sans-serif;\">Ayer mi\u00e9rcoles 2 de Septiembre\u00a0<b>EDYPRO biotecnolog\u00eda<\/b>\u00a0realiz\u00f3 una Jornada T\u00e9cnica con la participaci\u00f3n de nuestro Colaborador \/ Distribuidor de la zona de Valencia Juan Romero Pla y los agricultores arroceros de la zona que han aplicado los productos biotecnol\u00f3gicos para el arroz durante esta campa\u00f1a, dentro del<span class=\"apple-converted-space\">\u00a0<\/span><strong>Programa PAAP (Producci\u00f3n de Arroz en Agricultura de Precisi\u00f3n)<\/strong>, con el fin de ver juntos los resultados de las aplicaciones en diversos campos tratados.<\/span><\/p>\n<p class=\"MsoNormal\" style=\"text-align: justify;\"><span style=\"font-size: small; line-height: 107%; font-family: Verdana, sans-serif;\">Hemos realizado una ruta por los campos de Massanassa, Sollana, El Roman\u00ed, Cullera, Sueca y los agricultores intercambiaron opiniones y conocimientos de cada uno sobre el cultivo de arroz, la evoluci\u00f3n de cada una de sus parcelas, los problemas que han atravesado, los productos aplicados, las variedades de cada uno y cualquier duda que ha surgido.\u00a0<\/span><\/p>\n<p class=\"MsoNormal\" style=\"text-align: justify;\"><span style=\"font-size: small;\"><span style=\"line-height: 107%; font-family: Verdana, sans-serif;\">En todas las parcelas visitadas y tratadas con los productos de biotecnolog\u00eda de<span class=\"apple-converted-space\">\u00a0<\/span><strong>EDYPRO<\/strong>, los agricultores han visto el buen estado de las parcelas, la buena evoluci\u00f3n y el buen color de la planta. En todas ellas, las plantas estaban fuertes y con espigas grandes. Algunos de los campos de arroz hab\u00edan estado en situaciones desfavorables en comparaci\u00f3n con otros, y ahora, despu\u00e9s de los tratamientos de<span class=\"apple-converted-space\">\u00a0<\/span><strong>EDYPRO<\/strong>, tienen mejor aspecto que el resto. Por causa de abuso de herbicidas se ha castigado de modo excesivo el sistema radicular de las plantas reduciendo de modo importante el n\u00famero de hijos (macollos). Sin embargo las parcelas tratadas con nuestros productos han superado con creces esta dificultad gracias a la aplicaci\u00f3n de\u00a0<\/span><strong><span style=\"line-height: 107%; font-family: Verdana, sans-serif; color: green;\"><span style=\"color: green;\">RISO AI FRUTTI DI MARE<\/span><\/span><\/strong><span style=\"line-height: 107%; font-family: Verdana, sans-serif;\">\u00a0junto al 1\u00ba pase de herbicida.<\/span><\/span><\/p>\n<p class=\"MsoNormal\" style=\"text-align: justify;\"><span style=\"font-size: small;\"><span style=\"line-height: 107%; font-family: Verdana, sans-serif;\">A continuaci\u00f3n se muestran las im\u00e1genes de los campos visitados, tratados con los productos<span class=\"apple-converted-space\">\u00a0<\/span><\/span><span style=\"color: #0000ff;\"><strong><span style=\"line-height: 107%; font-family: Verdana, sans-serif;\"><span style=\"color: #0000ff;\">ROOT RICE<\/span><\/span><\/strong><\/span><span style=\"line-height: 107%; font-family: Verdana, sans-serif;\">,<span class=\"apple-converted-space\">\u00a0<\/span><\/span><strong><span style=\"line-height: 107%; font-family: Verdana, sans-serif; color: green;\"><span style=\"color: green;\">RISO AI FRUTTI DI MARE<\/span><\/span><\/strong><span style=\"line-height: 107%; font-family: Verdana, sans-serif;\">,<span class=\"apple-converted-space\">\u00a0<\/span><\/span><span style=\"color: #0000ff;\"><strong><span style=\"line-height: 107%; font-family: Verdana, sans-serif;\"><span style=\"color: #0000ff;\">COUPE REGENERACI\u00d3N Plus<\/span><\/span><\/strong><\/span><span class=\"apple-converted-space\"><span style=\"line-height: 107%; font-family: Verdana, sans-serif;\">\u00a0<\/span><\/span><span style=\"line-height: 107%; font-family: Verdana, sans-serif;\">y<span class=\"apple-converted-space\">\u00a0<\/span><\/span><strong><span style=\"line-height: 107%; font-family: Verdana, sans-serif; color: red;\"><span style=\"color: red;\">PODIUM ARROZ<\/span><\/span><\/strong><span style=\"line-height: 107%; font-family: Verdana, sans-serif;\">: \u00a0<\/span><\/span><\/p>\n<p class=\"MsoNormal\" style=\"text-align: justify;\"><span style=\"font-size: small; line-height: 107%; font-family: Verdana, sans-serif;\">\u00a0<\/span><\/p>\n<p class=\"MsoNormal\" style=\"text-align: justify;\"><span style=\"font-size: small;\"><span style=\"line-height: 107%; font-family: Verdana, sans-serif;\">Parcela de la variedad Sirio CL tratada con\u00a0<\/span><span style=\"color: #0000ff;\"><strong><span style=\"line-height: 107%; font-family: Verdana, sans-serif;\"><span style=\"color: #0000ff;\">ROOT RICE<\/span><\/span><\/strong><\/span><span style=\"line-height: 107%; font-family: Verdana, sans-serif;\">,\u00a0<\/span><strong><span style=\"line-height: 107%; font-family: Verdana, sans-serif; color: green;\"><span style=\"color: green;\">RISO AI FRUTTI DI MARE<\/span><\/span><\/strong><span style=\"line-height: 107%; font-family: Verdana, sans-serif;\">\u00a0y\u00a0<\/span><span style=\"color: #0000ff;\"><strong><span style=\"line-height: 107%; font-family: Verdana, sans-serif;\"><span style=\"color: #0000ff;\">COUPE REGENERACI\u00d3N Plus<\/span><\/span><\/strong><\/span><span style=\"line-height: 107%; font-family: Verdana, sans-serif;\">. Era una parcela con\u00a0problem\u00e1tica en la\u00a0tierra.<\/span><\/span><\/p>\n<p class=\"MsoNormal\" style=\"text-align: justify;\"><span style=\"font-size: small;\"><span style=\"line-height: 107%; font-family: Verdana, sans-serif;\">En el proyecto de reparcelaci\u00f3n y aumento del tama\u00f1o de las parcelas se han unido 3 parcelas en 1 con el consiguiente rebaje y movimiento de tierras. La aplicaci\u00f3n de\u00a0<\/span><span style=\"color: #0000ff;\"><strong><span style=\"line-height: 107%; font-family: Verdana, sans-serif;\"><span style=\"color: #0000ff;\">COUPE REGENERACI\u00d3N Plus<\/span><\/span><\/strong><\/span><span style=\"line-height: 107%; font-family: Verdana, sans-serif;\">\u00a0a 60 L\/ha en el 1\u00ba pase de herbicida ha permitido que las plantas se han desarrollado\u00a0en mejores condiciones que en parcelas colindantes donde no se realizo movimiento de tierras.\u00a0<\/span><\/span><\/p>\n<p class=\"MsoNormal\" style=\"text-align: justify;\"><span style=\"font-size: small;\"><span style=\"line-height: 107%; font-family: Verdana, sans-serif;\">Desde las primeras aplicaciones de\u00a0<\/span><span style=\"color: #0000ff;\"><strong><span style=\"line-height: 107%; font-family: Verdana, sans-serif;\"><span style=\"color: #0000ff;\">ROOT RICE<\/span><\/span><\/strong><\/span><span style=\"line-height: 107%; font-family: Verdana, sans-serif;\">\u00a0y\u00a0<\/span><span style=\"color: #0000ff;\"><strong><span style=\"line-height: 107%; font-family: Verdana, sans-serif;\"><span style=\"color: #0000ff;\">COUPE REGENERACI\u00d3N Plus<\/span><\/span><\/strong><\/span><span style=\"line-height: 107%; font-family: Verdana, sans-serif;\">\u00a0se empiezan a observar mejoras y con la posterior\u00a0aplicaci\u00f3n de\u00a0<\/span><strong><span style=\"line-height: 107%; font-family: Verdana, sans-serif; color: green;\"><span style=\"color: green;\">RISO AI FRUTTI DI MARE<\/span><\/span><\/strong><\/span><span style=\"font-size: 7.5pt; line-height: 107%; font-family: Verdana, sans-serif;\"><span style=\"font-size: small;\">, la parcela presenta un mejor aspecto que la testigo. Las espigas tienen una buena densidad y un buen\u00a0tama\u00f1o.\u00a0<\/span><\/span><\/p>\n<p class=\"MsoNormal\" style=\"text-align: center;\" align=\"center\"><img decoding=\"async\" src=\"https:\/\/edyprobiotec.com\/images\/Jornada%20Arroz%20Valencia\/pons%201.JPG\" \/><\/p>\n<p class=\"MsoNormal\" style=\"text-align: center;\" align=\"center\"><img decoding=\"async\" src=\"https:\/\/edyprobiotec.com\/images\/Jornada%20Arroz%20Valencia\/pons%202.JPG\" \/><\/p>\n<p class=\"MsoNormal\" style=\"text-align: center;\" align=\"center\"><img decoding=\"async\" src=\"https:\/\/edyprobiotec.com\/images\/Jornada%20Arroz%20Valencia\/pons%203.JPG\" \/><\/p>\n<div class=\"MsoNormal\" style=\"text-align: center;\" align=\"center\">\n<hr align=\"center\" noshade=\"noshade\" size=\"2\" width=\"100%\" \/>\n<\/div>\n<p class=\"MsoNormal\" style=\"text-align: justify;\"><span style=\"font-size: small;\"><span style=\"line-height: 107%; font-family: Verdana, sans-serif;\">Parcela de arroz Bomba tratada con \u00a0<\/span><strong style=\"color: #0000ff;\"><span style=\"line-height: 107%; font-family: Verdana, sans-serif;\"><span style=\"color: #0000ff;\">ROOT RICE<\/span><\/span><\/strong><span style=\"line-height: 107%; font-family: Verdana, sans-serif;\">,\u00a0<\/span><strong><span style=\"line-height: 107%; font-family: Verdana, sans-serif; color: green;\"><span style=\"color: green;\">RISO AI FRUTTI DI MARE<\/span><\/span><\/strong><span style=\"line-height: 107%; font-family: Verdana, sans-serif;\">\u00a0y\u00a0<\/span><strong><span style=\"line-height: 107%; font-family: Verdana, sans-serif; color: red;\"><span style=\"color: red;\">PODIUM ARROZ<\/span><\/span><\/strong><span style=\"line-height: 107%; font-family: Verdana, sans-serif;\">. El agricultor, due\u00f1o de la parcela, nos cuenta que\u00a0desde\u00a0las primeras aplicaciones, el campo tiene una buena y r\u00e1pida salida. La parcela antes no ten\u00eda buenas condiciones y ahora es de las mejores, con una germinaci\u00f3n r\u00e1pida y buena y densidad de planta alta. Con las aplicaciones de\u00a0<\/span><strong><span style=\"line-height: 107%; font-family: Verdana, sans-serif; color: red;\"><span style=\"color: red;\">PODIUM ARROZ<\/span><\/span><\/strong><span style=\"line-height: 107%; font-family: Verdana, sans-serif;\">\u00a0y la fortaleza de la planta, ha tenido la Pyricularia muy controlada.<\/span><\/span><\/p>\n<p class=\"MsoNormal\" style=\"text-align: center;\" align=\"center\"><img decoding=\"async\" src=\"https:\/\/edyprobiotec.com\/images\/Jornada%20Arroz%20Valencia\/pecre\/pecre%203.JPG\" \/><\/p>\n<p class=\"MsoNormal\" style=\"text-align: center;\" align=\"center\"><img decoding=\"async\" src=\"https:\/\/edyprobiotec.com\/images\/Jornada%20Arroz%20Valencia\/pecre\/pecre%201.JPG\" \/><\/p>\n<p class=\"MsoNormal\" style=\"text-align: center;\" align=\"center\"><img decoding=\"async\" src=\"https:\/\/edyprobiotec.com\/images\/Jornada%20Arroz%20Valencia\/pecre\/pecre%202.JPG\" \/><\/p>\n<div class=\"MsoNormal\" style=\"text-align: center;\" align=\"center\">\n<hr \/>\n<\/div>\n<p class=\"MsoNormal\" style=\"text-align: justify;\"><span style=\"font-size: small;\"><span style=\"line-height: 107%; font-family: Verdana, sans-serif;\">Parcela de arroz Fonsa tratada con\u00a0<\/span><strong style=\"color: #0000ff;\"><span style=\"line-height: 107%; font-family: Verdana, sans-serif;\"><span style=\"color: #0000ff;\">ROOT RICE<\/span><\/span><\/strong><\/span><span style=\"font-size: 7.5pt; line-height: 107%; font-family: Verdana, sans-serif;\"><span style=\"font-size: small;\"><span style=\"line-height: 107%;\">\u00a0y\u00a0<\/span><strong><span style=\"line-height: 107%; color: green;\"><span style=\"color: green;\">RISO AI FRUTTI DI MARE<\/span><\/span><\/strong><span style=\"line-height: 107%;\">. Nos cuenta el agricultor, que antes de aplicar los productos, su\u00a0parcela\u00a0estaba peor que la de al lado. Despu\u00e9s de las aplicaciones, presenta un mejor aspecto, con hojas m\u00e1s grandes y espigas grandes y uniformes y promesa de una muy buena cosecha.<\/span><\/span><\/span><\/p>\n<p class=\"MsoNormal\" style=\"text-align: center;\" align=\"center\"><img decoding=\"async\" src=\"https:\/\/edyprobiotec.com\/images\/Jornada%20Arroz%20Valencia\/quilis\/quilis%203.JPG\" \/><\/p>\n<p class=\"MsoNormal\" style=\"text-align: center;\" align=\"center\"><img decoding=\"async\" src=\"https:\/\/edyprobiotec.com\/images\/Jornada%20Arroz%20Valencia\/quilis\/quilis%201.JPG\" \/><\/p>\n<p class=\"MsoNormal\" style=\"text-align: center;\" align=\"center\"><img decoding=\"async\" src=\"https:\/\/edyprobiotec.com\/images\/Jornada%20Arroz%20Valencia\/quilis\/quilis%204.JPG\" \/><\/p>\n<p class=\"MsoNormal\" style=\"text-align: center;\" align=\"center\"><img decoding=\"async\" src=\"https:\/\/edyprobiotec.com\/images\/Jornada%20Arroz%20Valencia\/quilis\/quilis%202.JPG\" \/><\/p>\n<div class=\"MsoNormal\" style=\"text-align: center;\" align=\"center\">\n<hr align=\"center\" noshade=\"noshade\" size=\"2\" width=\"100%\" \/>\n<\/div>\n<p class=\"MsoNormal\" style=\"text-align: justify;\"><span style=\"font-size: small;\"><span style=\"line-height: 107%; font-family: Verdana, sans-serif;\">Parcela de arroz Bomba. La parcela izquierda est\u00e1 tratada con\u00a0<\/span><strong style=\"color: #0000ff;\"><span style=\"line-height: 107%; font-family: Verdana, sans-serif;\"><span style=\"color: #0000ff;\">ROOT RICE<\/span><\/span><\/strong><span style=\"line-height: 107%; font-family: Verdana, sans-serif;\">\u00a0y\u00a0<\/span><strong><span style=\"line-height: 107%; font-family: Verdana, sans-serif; color: green;\"><span style=\"color: green;\">RISO AI FRUTTI DI MARE<\/span><\/span><\/strong><span style=\"line-height: 107%; font-family: Verdana, sans-serif;\">\u00a0y la parcela derecha con\u00a0<\/span><strong style=\"color: #0000ff;\"><span style=\"line-height: 107%; font-family: Verdana, sans-serif;\"><span style=\"color: #0000ff;\">ROOT RICE<\/span><\/span><\/strong><span style=\"line-height: 107%; font-family: Verdana, sans-serif;\">.\u00a0Los\u00a0agricultores asistentes comprueban que las parcelas presentan plantas sanas, espigas grandes y gordas. La parcela tratada con\u00a0<\/span><strong style=\"color: #0000ff;\"><span style=\"line-height: 107%; font-family: Verdana, sans-serif;\"><span style=\"color: #0000ff;\">ROOT RICE<\/span><\/span><\/strong><span style=\"line-height: 107%; font-family: Verdana, sans-serif;\">\u00a0y\u00a0<\/span><strong><span style=\"line-height: 107%; font-family: Verdana, sans-serif; color: green;\"><span style=\"color: green;\">RISO AI FRUTTI DI MARE<\/span><\/span><\/strong><span style=\"line-height: 107%; font-family: Verdana, sans-serif;\">\u00a0tiene mayor nivel de clorofila que la tratada solo con\u00a0<\/span><strong style=\"color: #0000ff;\"><span style=\"line-height: 107%; font-family: Verdana, sans-serif;\"><span style=\"color: #0000ff;\">ROOT RICE<\/span><\/span><\/strong><span style=\"line-height: 107%; font-family: Verdana, sans-serif;\">.\u00a0<\/span><\/span><\/p>\n<p class=\"MsoNormal\" style=\"text-align: center;\" align=\"center\"><img decoding=\"async\" src=\"https:\/\/edyprobiotec.com\/images\/Jornada%20Arroz%20Valencia\/Bartual\/bartual%202.JPG\" \/><\/p>\n<p class=\"MsoNormal\" style=\"text-align: center;\" align=\"center\"><img decoding=\"async\" src=\"https:\/\/edyprobiotec.com\/images\/Jornada%20Arroz%20Valencia\/Bartual\/bartual%201.JPG\" \/><\/p>\n<div class=\"MsoNormal\" style=\"text-align: center;\" align=\"center\">\n<hr align=\"center\" noshade=\"noshade\" size=\"2\" width=\"100%\" \/>\n<\/div>\n<p class=\"MsoNormal\" style=\"text-align: justify;\"><span style=\"font-size: small;\"><span style=\"line-height: 107%; font-family: Verdana, sans-serif;\">Parcela de arroz J.Sendra tratada con\u00a0<\/span><strong style=\"color: #0000ff;\"><span style=\"line-height: 107%; font-family: Verdana, sans-serif;\"><span style=\"color: #0000ff;\">ROOT RICE<\/span><\/span><\/strong><span style=\"line-height: 107%; font-family: Verdana, sans-serif;\">\u00a0y\u00a0<\/span><strong><span style=\"line-height: 107%; font-family: Verdana, sans-serif; color: green;\"><span style=\"color: green;\">RISO AI FRUTTI DI MARE<\/span><\/span><\/strong><span style=\"line-height: 107%; font-family: Verdana, sans-serif;\">. El agricultor due\u00f1o de la parcela nos cuenta que el crecimiento ha\u00a0sido\u00a0muy r\u00e1pido y que las plantas est\u00e1n muy sanas a pesar de haber tenido Pyricularia. Por ello espera una cosecha excelente este a\u00f1o en la parcela tratada con los productos biotecnologicos de<span class=\"apple-converted-space\">\u00a0<\/span><strong>EDYPRO<\/strong>.\u00a0<\/span><\/span><\/p>\n<p class=\"MsoNormal\" style=\"text-align: center;\" align=\"center\"><img decoding=\"async\" src=\"https:\/\/edyprobiotec.com\/images\/Jornada%20Arroz%20Valencia\/Savador\/salvador%203.JPG\" \/><\/p>\n<p class=\"MsoNormal\" style=\"text-align: center;\" align=\"center\"><img decoding=\"async\" src=\"https:\/\/edyprobiotec.com\/images\/Jornada%20Arroz%20Valencia\/Savador\/salvador%201.JPG\" \/><\/p>\n<p class=\"MsoNormal\" style=\"text-align: center;\" align=\"center\"><img decoding=\"async\" src=\"https:\/\/edyprobiotec.com\/images\/Jornada%20Arroz%20Valencia\/Savador\/salvador%202.JPG\" \/><\/p>\n<div class=\"MsoNormal\" style=\"text-align: center;\" align=\"center\">\n<hr \/>\n<\/div>\n<p class=\"MsoNormal\" style=\"text-align: justify;\"><span style=\"font-size: small;\"><span style=\"line-height: 107%; font-family: Verdana, sans-serif;\">Parcela de arroz Bomba tratada con\u00a0<\/span><strong style=\"color: #0000ff;\"><span style=\"line-height: 107%; font-family: Verdana, sans-serif;\"><span style=\"color: #0000ff;\">ROOT RICE<\/span><\/span><\/strong><span style=\"line-height: 107%; font-family: Verdana, sans-serif;\">\u00a0y\u00a0<\/span><strong><span style=\"line-height: 107%; font-family: Verdana, sans-serif; color: green;\"><span style=\"color: green;\">RISO AI FRUTTI DI MARE<\/span><\/span><\/strong><span style=\"line-height: 107%; font-family: Verdana, sans-serif;\">. Antes de aplicar estaba peor que la de al lado, y con la aplicaci\u00f3n\u00a0de\u00a0<\/span><strong><span style=\"line-height: 107%; font-family: Verdana, sans-serif; color: green;\"><span style=\"color: green;\">RISO AI FRUTTI DI MARE<\/span><\/span><\/strong><\/span><span style=\"font-size: 7.5pt; line-height: 107%; font-family: Verdana, sans-serif;\"><span style=\"font-size: small;\">, presenta mejor aspecto; se observan hojas m\u00e1s anchas y mayor n\u00famero de hijos (macollos) por planta. Los\u00a0agricultores la ven con muy buen aspecto.<\/span><\/span><\/p>\n<p class=\"MsoNormal\" style=\"text-align: center;\" align=\"center\"><img decoding=\"async\" src=\"https:\/\/edyprobiotec.com\/images\/Jornada%20Arroz%20Valencia\/COMES\/comes%203.JPG\" \/><\/p>\n<p class=\"MsoNormal\" style=\"text-align: center;\" align=\"center\"><img decoding=\"async\" src=\"https:\/\/edyprobiotec.com\/images\/Jornada%20Arroz%20Valencia\/COMES\/comes%201.JPG\" \/><\/p>\n<p class=\"MsoNormal\" style=\"text-align: center;\" align=\"center\"><img decoding=\"async\" src=\"https:\/\/edyprobiotec.com\/images\/Jornada%20Arroz%20Valencia\/COMES\/comes%202.JPG\" \/><\/p>\n<div class=\"MsoNormal\" style=\"text-align: center;\" align=\"center\">\n<hr align=\"center\" noshade=\"noshade\" size=\"2\" width=\"100%\" \/>\n<\/div>\n<p class=\"MsoNormal\" style=\"text-align: justify;\"><span style=\"font-size: small;\"><span style=\"line-height: 107%; font-family: Verdana, sans-serif;\">Parcela de arroz Sirio CL tratada con\u00a0<\/span><strong style=\"color: #0000ff;\"><span style=\"line-height: 107%; font-family: Verdana, sans-serif;\"><span style=\"color: #0000ff;\">ROOT RICE<\/span><\/span><\/strong><span style=\"line-height: 107%; font-family: Verdana, sans-serif;\">\u00a0y\u00a0<\/span><strong><span style=\"line-height: 107%; font-family: Verdana, sans-serif; color: green;\"><span style=\"color: green;\">RISO AI FRUTTI DI MARE<\/span><\/span><\/strong><span style=\"line-height: 107%; font-family: Verdana, sans-serif;\">. El agricultor due\u00f1o del campo nos comenta que tiene la parcela\u00a0&#8220;muy\u00a0limpia&#8221; y sana; que con las aplicaciones de\u00a0<\/span><strong><span style=\"line-height: 107%; font-family: Verdana, sans-serif; color: green;\"><span style=\"color: green;\">RISO AI FRUTTI DI MARE<\/span><\/span><\/strong><span style=\"line-height: 107%; font-family: Verdana, sans-serif;\">\u00a0ha conseguido que las plantas est\u00e9n m\u00e1s fuertes.\u00a0<\/span><\/span><\/p>\n<p class=\"MsoNormal\" style=\"text-align: center;\" align=\"center\"><img decoding=\"async\" src=\"https:\/\/edyprobiotec.com\/images\/Jornada%20Arroz%20Valencia\/Navarro\/tomas%201.JPG\" \/><\/p>\n<p class=\"MsoNormal\" style=\"text-align: center;\" align=\"center\"><img decoding=\"async\" src=\"https:\/\/edyprobiotec.com\/images\/Jornada%20Arroz%20Valencia\/Navarro\/tomas%203.JPG\" \/><\/p>\n<p class=\"MsoNormal\" style=\"text-align: center;\" align=\"center\"><img decoding=\"async\" src=\"https:\/\/edyprobiotec.com\/images\/Jornada%20Arroz%20Valencia\/Navarro\/tomas%204.JPG\" \/><\/p>\n<p class=\"MsoNormal\" style=\"text-align: center;\" align=\"center\"><img decoding=\"async\" src=\"https:\/\/edyprobiotec.com\/images\/Jornada%20Arroz%20Valencia\/Navarro\/tomas%202.JPG\" \/><\/p>\n<div class=\"MsoNormal\" style=\"text-align: center;\" align=\"center\">\n<hr align=\"center\" noshade=\"noshade\" size=\"2\" width=\"100%\" \/>\n<\/div>\n<p class=\"MsoNormal\" style=\"text-align: justify;\"><span style=\"font-size: small;\"><span style=\"line-height: 107%; font-family: Verdana, sans-serif;\">Parcela de arroz L&#8217;Albufera tratada con\u00a0<\/span><strong style=\"color: #0000ff;\"><span style=\"line-height: 107%; font-family: Verdana, sans-serif;\"><span style=\"color: #0000ff;\">ROOT RICE<\/span><\/span><\/strong><span style=\"line-height: 107%; font-family: Verdana, sans-serif;\">,\u00a0<\/span><strong><span style=\"line-height: 107%; font-family: Verdana, sans-serif; color: green;\"><span style=\"color: green;\">RISO AI FRUTTI DI MARE<\/span><\/span><\/strong><span style=\"line-height: 107%; font-family: Verdana, sans-serif;\">\u00a0y\u00a0<\/span><strong><span style=\"line-height: 107%; font-family: Verdana, sans-serif; color: red;\"><span style=\"color: red;\">PODIUM ARROZ<\/span><\/span><\/strong><\/span><span style=\"font-size: 7.5pt; line-height: 107%; font-family: Verdana, sans-serif;\"><span style=\"font-size: small;\">. El agricultor nos cuenta que muchas personas\u00a0al\u00a0ver el\u00a0aspecto de la parcela se han interesado por ella, y que la evoluci\u00f3n de \u00e9sta ha sido muy buena desde el principio. Ha controlado muy bien el problema de la Pyricularia y cree que la parcela dar\u00e1 una buena cosecha.<\/span><\/span><\/p>\n<p class=\"MsoNormal\" style=\"text-align: center;\" align=\"center\"><img decoding=\"async\" src=\"https:\/\/edyprobiotec.com\/images\/Jornada%20Arroz%20Valencia\/Sapi%C3%B1a\/sapi%C3%B1a%203.JPG\" \/><\/p>\n<p class=\"MsoNormal\" style=\"text-align: center;\" align=\"center\"><img decoding=\"async\" src=\"https:\/\/edyprobiotec.com\/images\/Jornada%20Arroz%20Valencia\/Sapi%C3%B1a\/sapi%C3%B1a%201.JPG\" \/><\/p>\n<p class=\"MsoNormal\" style=\"text-align: center;\" align=\"center\"><img decoding=\"async\" src=\"https:\/\/edyprobiotec.com\/images\/Jornada%20Arroz%20Valencia\/Sapi%C3%B1a\/sapi%C3%B1a%202.JPG\" \/><\/p>\n<p class=\"MsoNormal\" style=\"text-align: center;\" align=\"center\"><img decoding=\"async\" src=\"https:\/\/edyprobiotec.com\/images\/Jornada%20Arroz%20Valencia\/Sapi%C3%B1a\/sapi%C3%B1a%204.JPG\" \/><\/p>\n<div class=\"MsoNormal\" style=\"text-align: center;\" align=\"center\">\n<hr align=\"center\" noshade=\"noshade\" size=\"2\" width=\"100%\" \/>\n<\/div>\n<p><span style=\"font-size: small; font-family: Verdana, sans-serif; line-height: 107%; text-align: justify;\">Les deseamos a nuestros clientes que tengan muy buena cosecha y que con las t\u00e9cnicas de manejo del cultivo de arroz mediante la biotecnolog\u00eda sacan m\u00e1xima rentabilidad de sus explotaciones.<\/span><\/p>","protected":false},"excerpt":{"rendered":"<p>Ayer mi\u00e9rcoles 2 de Septiembre\u00a0EDYPRO biotecnolog\u00eda\u00a0realiz\u00f3 una Jornada T\u00e9cnica con la participaci\u00f3n de nuestro Colaborador \/ Distribuidor de la zona de Valencia Juan Romero Pla y los agricultores arroceros de la zona que han aplicado los productos biotecnol\u00f3gicos para el arroz durante esta campa\u00f1a, dentro del\u00a0Programa PAAP (Producci\u00f3n de Arroz en Agricultura de Precisi\u00f3n), con [&hellip;]<\/p>\n","protected":false},"author":1,"featured_media":12497,"comment_status":"closed","ping_status":"closed","sticky":false,"template":"","format":"standard","meta":{"_acf_changed":false,"inline_featured_image":false,"footnotes":""},"categories":[56],"tags":[],"class_list":["post-8935","post","type-post","status-publish","format-standard","has-post-thumbnail","hentry","category-actualidad"],"acf":[],"_links":{"self":[{"href":"https:\/\/edyprobiotec.com\/it\/wp-json\/wp\/v2\/posts\/8935","targetHints":{"allow":["GET"]}}],"collection":[{"href":"https:\/\/edyprobiotec.com\/it\/wp-json\/wp\/v2\/posts"}],"about":[{"href":"https:\/\/edyprobiotec.com\/it\/wp-json\/wp\/v2\/types\/post"}],"author":[{"embeddable":true,"href":"https:\/\/edyprobiotec.com\/it\/wp-json\/wp\/v2\/users\/1"}],"replies":[{"embeddable":true,"href":"https:\/\/edyprobiotec.com\/it\/wp-json\/wp\/v2\/comments?post=8935"}],"version-history":[{"count":0,"href":"https:\/\/edyprobiotec.com\/it\/wp-json\/wp\/v2\/posts\/8935\/revisions"}],"wp:featuredmedia":[{"embeddable":true,"href":"https:\/\/edyprobiotec.com\/it\/wp-json\/wp\/v2\/media\/12497"}],"wp:attachment":[{"href":"https:\/\/edyprobiotec.com\/it\/wp-json\/wp\/v2\/media?parent=8935"}],"wp:term":[{"taxonomy":"category","embeddable":true,"href":"https:\/\/edyprobiotec.com\/it\/wp-json\/wp\/v2\/categories?post=8935"},{"taxonomy":"post_tag","embeddable":true,"href":"https:\/\/edyprobiotec.com\/it\/wp-json\/wp\/v2\/tags?post=8935"}],"curies":[{"name":"wp","href":"https:\/\/api.w.org\/{rel}","templated":true}]}}