{"id":8941,"date":"2016-02-10T00:00:00","date_gmt":"2016-02-10T00:00:00","guid":{"rendered":"https:\/\/www.edypro-online.com\/xii-jornada-tecnica-de-larros\/"},"modified":"2016-02-10T00:00:00","modified_gmt":"2016-02-10T00:00:00","slug":"xii-jornada-tecnica-de-larros","status":"publish","type":"post","link":"https:\/\/edyprobiotec.com\/it\/xii-jornada-tecnica-de-larros\/","title":{"rendered":"XII Jornada T\u00e8cnica de L&#8217;Arros"},"content":{"rendered":"<p style=\"text-align: justify;\"><span style=\"font-size: medium;\"><strong><span style=\"color: #008000;\">EDYPRO biotecnolog\u00eda<\/span><\/strong> como compa\u00f1\u00eda puntera en investigaci\u00f3n y desarrollo de productos biotecnol\u00f3gicos y <strong><span style=\"color: #008000;\">especialista en el cultivo de arro<\/span><\/strong>z mostrar\u00e1 sus \u00faltimos avances tecnol\u00f3gicos en los estands de la <span style=\"font-size: large;\"><strong><span style=\"color: #000000;\">XII Jornada T\u00e9cnica de Arroz<\/span><\/strong><\/span>, que se celebrar\u00e1 el pr\u00f3ximo mi\u00e9rcoles 10 de febrero, en el sal\u00f3n de actos de ARROSAIRES. \u00a0<\/span><\/p>\n<p style=\"text-align: justify;\"><span style=\"font-size: medium;\">\u00a0<\/span><\/p>\n<p style=\"text-align: justify;\"><span style=\"font-size: medium;\">Para m\u00e1s informaci\u00f3n sobre el programa y el horario, ponemos a su disposici\u00f3n el enlace a la p\u00e1gina Web de IRTA (Instituto de Investigaci\u00f3n y Tecnolog\u00eda Agroalimentaria).\u00a0<\/span><\/p>\n<p style=\"text-align: center;\"><span style=\"font-size: medium; color: #0000ff;\"><a href=\"http:\/\/www.irta.cat\/es-ES\/RIT\/Noticies\/Paginas\/Jornada_Deltebre_arros.aspx\"><span style=\"color: #0000ff;\">http:\/\/www.irta.cat\/es-ES\/RIT\/Noticies\/Paginas\/Jornada_Deltebre_arros.aspx<\/span><\/a><\/span><\/p>\n<p style=\"text-align: justify;\"><span style=\"font-size: medium;\">\u00a0<\/span><\/p>\n<p style=\"text-align: justify;\"><span style=\"font-size: medium;\">Esperando que sea de su m\u00e1ximo inter\u00e9s, les invitamos a nuestro stand!\u00a0<\/span><\/p>\n<p style=\"text-align: justify;\"><span style=\"font-size: medium;\">Esperamos con ilusi\u00f3n que nuestra ayuda y conocimientos le permitan mejorar en su producci\u00f3n.<\/span><\/p>","protected":false},"excerpt":{"rendered":"<p>EDYPRO biotecnolog\u00eda como compa\u00f1\u00eda puntera en investigaci\u00f3n y desarrollo de productos biotecnol\u00f3gicos y especialista en el cultivo de arroz mostrar\u00e1 sus \u00faltimos avances tecnol\u00f3gicos en los estands de la XII Jornada T\u00e9cnica de Arroz, que se celebrar\u00e1 el pr\u00f3ximo mi\u00e9rcoles 10 de febrero, en el sal\u00f3n de actos de ARROSAIRES. \u00a0 \u00a0 Para m\u00e1s informaci\u00f3n [&hellip;]<\/p>\n","protected":false},"author":1,"featured_media":12504,"comment_status":"closed","ping_status":"closed","sticky":false,"template":"","format":"standard","meta":{"_acf_changed":false,"inline_featured_image":false,"footnotes":""},"categories":[56],"tags":[],"class_list":["post-8941","post","type-post","status-publish","format-standard","has-post-thumbnail","hentry","category-actualidad"],"acf":[],"_links":{"self":[{"href":"https:\/\/edyprobiotec.com\/it\/wp-json\/wp\/v2\/posts\/8941","targetHints":{"allow":["GET"]}}],"collection":[{"href":"https:\/\/edyprobiotec.com\/it\/wp-json\/wp\/v2\/posts"}],"about":[{"href":"https:\/\/edyprobiotec.com\/it\/wp-json\/wp\/v2\/types\/post"}],"author":[{"embeddable":true,"href":"https:\/\/edyprobiotec.com\/it\/wp-json\/wp\/v2\/users\/1"}],"replies":[{"embeddable":true,"href":"https:\/\/edyprobiotec.com\/it\/wp-json\/wp\/v2\/comments?post=8941"}],"version-history":[{"count":0,"href":"https:\/\/edyprobiotec.com\/it\/wp-json\/wp\/v2\/posts\/8941\/revisions"}],"wp:featuredmedia":[{"embeddable":true,"href":"https:\/\/edyprobiotec.com\/it\/wp-json\/wp\/v2\/media\/12504"}],"wp:attachment":[{"href":"https:\/\/edyprobiotec.com\/it\/wp-json\/wp\/v2\/media?parent=8941"}],"wp:term":[{"taxonomy":"category","embeddable":true,"href":"https:\/\/edyprobiotec.com\/it\/wp-json\/wp\/v2\/categories?post=8941"},{"taxonomy":"post_tag","embeddable":true,"href":"https:\/\/edyprobiotec.com\/it\/wp-json\/wp\/v2\/tags?post=8941"}],"curies":[{"name":"wp","href":"https:\/\/api.w.org\/{rel}","templated":true}]}}