{"id":8946,"date":"2016-07-06T00:00:00","date_gmt":"2016-07-06T00:00:00","guid":{"rendered":"https:\/\/www.edypro-online.com\/el-ivia-estudia-por-que-decaen-los-naranjos-sin-causa-aparente\/"},"modified":"2016-07-06T00:00:00","modified_gmt":"2016-07-06T00:00:00","slug":"el-ivia-estudia-por-que-decaen-los-naranjos-sin-causa-aparente","status":"publish","type":"post","link":"https:\/\/edyprobiotec.com\/it\/el-ivia-estudia-por-que-decaen-los-naranjos-sin-causa-aparente\/","title":{"rendered":"El IVIA estudia por qu\u00e9 decaen los naranjos sin causa aparente"},"content":{"rendered":"<p class=\"MsoNormal\" style=\"mso-margin-top-alt: auto; mso-margin-bottom-alt: auto; line-height: normal; mso-outline-level: 2;\"><span lang=\"ES\" style=\"font-size: 12.0pt; font-family: 'Times New Roman'; mso-fareast-font-family: 'Times New Roman'; mso-fareast-language: ES;\">Los especialistas sospechan que son problemas derivados de pautas de cultivo antes que debidos a agentes pat\u00f3genos, pero no descartan nada<\/span><\/p>\n<p class=\"MsoNormal\" style=\"mso-margin-top-alt: auto; mso-margin-bottom-alt: auto; line-height: normal; mso-outline-level: 2;\"><span lang=\"ES\" style=\"font-size: 12.0pt; font-family: 'Times New Roman'; mso-fareast-font-family: 'Times New Roman'; mso-fareast-language: ES;\">T\u00e9cnicos de La Uni\u00f3 de Llauradors muestran a investigadores de la Conselleria de Agricultura m\u00faltiples casos en la Plana Baixa<\/span><\/p>\n<p class=\"MsoNormal\" style=\"margin-bottom: .0001pt; line-height: normal;\"><span lang=\"ES\" style=\"font-size: 12.0pt; font-family: 'Times New Roman'; mso-fareast-font-family: 'Times New Roman'; mso-fareast-language: ES;\">La alarma ha empezado a extenderse entre los agricultores de la Plana Baixa, al igual que en otras comarcas citr\u00edcolas donde se suceden problemas de amarilleamiento y defoliaci\u00f3n del arbolado cuyas causas se desconocen hasta ahora.<\/span><\/p>\n<p class=\"MsoNormal\" style=\"mso-margin-top-alt: auto; mso-margin-bottom-alt: auto; line-height: normal;\"><span lang=\"ES\" style=\"font-size: 12.0pt; font-family: 'Times New Roman'; mso-fareast-font-family: 'Times New Roman'; mso-fareast-language: ES;\">Ante la envergadura que ha tomado el problema en las plantaciones de diversos municipios castellonenses, La Uni\u00f3 de Llauradors ha recabado la atenci\u00f3n de la Conselleria de Agricultura y del Instituto Valenciano de Investigaciones Agrarias para que tomen cartas en el asunto y se proceda a estudiar con especial dedicaci\u00f3n qu\u00e9 est\u00e1 sucediendo.<\/span><\/p>\n<p class=\"MsoNormal\" style=\"mso-margin-top-alt: auto; mso-margin-bottom-alt: auto; line-height: normal;\"><span lang=\"ES\" style=\"font-size: 12.0pt; font-family: 'Times New Roman'; mso-fareast-font-family: 'Times New Roman'; mso-fareast-language: ES;\">Los responsables de La Uni\u00f3 han mostrado diversas parcelas afectadas a Vicent Dalmau, responsable t\u00e9cnico de Sanidad Vegetal de la conselleria, y Antoni Vicent, experto en micolog\u00eda y plagas de c\u00edtricos del IVIA.<\/span><\/p>\n<p class=\"MsoNormal\" style=\"mso-margin-top-alt: auto; mso-margin-bottom-alt: auto; line-height: normal;\"><span lang=\"ES\" style=\"font-size: 12.0pt; font-family: 'Times New Roman'; mso-fareast-font-family: 'Times New Roman'; mso-fareast-language: ES;\">Seg\u00fan ha explicado Carles Peris, responsable de c\u00edtricos de La Uni\u00f3, las parcelas visitadas sufren defoliaciones severas que ya se apreciaban el a\u00f1o anterior pero que se agudizaron desde la primavera pasada. Pertenecen en su mayor\u00eda a los t\u00e9rminos municipales de Vall d&#8217;Uix\u00f3, Vila-real y Burriana, aunque las zonas afectadas abarcan mayor amplitud. Se trataba en esta primera toma de contacto dar a conocer el problema, examinar \u00e1rboles y recoger hojas para someterlas a diversos an\u00e1lisis.<\/span><\/p>\n<p class=\"MsoNormal\" style=\"mso-margin-top-alt: auto; mso-margin-bottom-alt: auto; line-height: normal;\"><span lang=\"ES\" style=\"font-size: 12.0pt; font-family: 'Times New Roman'; mso-fareast-font-family: 'Times New Roman'; mso-fareast-language: ES;\">Los s\u00edntomas del decaimiento y defoliaci\u00f3n son diversos y no siempre coinciden en \u00e1reas pr\u00f3ximas. En ocasiones aparecen hojas con las puntas necrosadas, lo que suele ser indicio claro de salinizaci\u00f3n, pero los an\u00e1lisis del agua de riego y de los contenidos de sales en las propias hojas revelan que no es esa la causa. Tambi\u00e9n suelen aparecer ataques de hongos, aunque la mayor\u00eda de las veces se trata de especies saprofitas que acuden a aprovecharse de plantas debilitadas, pero no son los pat\u00f3genos que inician tal debilidad.<\/span><\/p>\n<p class=\"MsoNormal\" style=\"mso-margin-top-alt: auto; mso-margin-bottom-alt: auto; line-height: normal;\"><span lang=\"ES\" style=\"font-size: 12.0pt; font-family: 'Times New Roman'; mso-fareast-font-family: 'Times New Roman'; mso-fareast-language: ES;\">Peris ha indicado que en la Plana, los casos predominantes de amarilleamiento y decadencia no empiezan exactamente con una abundancia de hojas necrosadas, como las que se muestran en la foto de abajo, sino con la generalizaci\u00f3n de arbolado que presenta la apariencia del de la imagen de arriba. Se\u00f1ala que \u00abperdieron las brotaciones de primavera y las ramillas quedaron sin hojas\u00bb.<\/span><\/p>\n<p class=\"MsoNormal\" style=\"mso-margin-top-alt: auto; mso-margin-bottom-alt: auto; line-height: normal;\"><span lang=\"ES\" style=\"font-size: 12.0pt; font-family: 'Times New Roman'; mso-fareast-font-family: 'Times New Roman'; mso-fareast-language: ES;\">Por las primeras impresiones ofrecidas por los investigadores, Dalmau y Vicent se inclinan m\u00e1s por pensar que podr\u00eda tratarse de dolencias relacionadas con fisiopat\u00edas o pautas de cultivo m\u00e1s que debidas a agentes pat\u00f3genos, aunque \u00e9stos pueden encontrarse, pero creen que de forma accesoria. No obstante, tampoco descartan nada, porque acaban de empezar las investigaciones.<\/span><\/p>\n<p class=\"MsoNormal\" style=\"mso-margin-top-alt: auto; mso-margin-bottom-alt: auto; line-height: normal;\"><span lang=\"ES\" style=\"font-size: 12.0pt; font-family: 'Times New Roman'; mso-fareast-font-family: 'Times New Roman'; mso-fareast-language: ES;\">S\u00ed que es cierto que se descartan en principio incidencias por sales, porque los problemas aparecen tanto en \u00e1reas que riegan con aguas potencialmente m\u00e1s cargadas que donde las concentraciones se encuentran muy por debajo de los umbrales problem\u00e1ticos. Tampoco se cumple una posible salinizaci\u00f3n ocasional por fertilizaci\u00f3n excesiva en los bulbos de terreno donde se concentran las ra\u00edces cuando se riega a goteo; o no es causa definitiva para explicarlo, porque tambi\u00e9n aparecen iguales s\u00edntomas en las mismas zonas, utilizando la misma agua, pero con riego a manta y sin haberse abonado recientemente.<\/span><\/p>\n<p class=\"MsoNormal\" style=\"mso-margin-top-alt: auto; mso-margin-bottom-alt: auto; line-height: normal;\"><span lang=\"ES\" style=\"font-size: 12.0pt; font-family: 'Times New Roman'; mso-fareast-font-family: 'Times New Roman'; mso-fareast-language: ES;\">Vicent y Dalmau procedieron a realizar peque\u00f1as catas en zonas radiculares, para ver si hab\u00eda barbada (las ra\u00edces absorbentes del arbolado) y comprobaron qeu nbo se hab\u00eda perdido, por lo que tambi\u00e9n descartaron que la causa pudiera estar ah\u00ed.<\/span><\/p>\n<p class=\"MsoNormal\" style=\"mso-margin-top-alt: auto; mso-margin-bottom-alt: auto; line-height: normal;\"><span lang=\"ES\" style=\"font-size: 12.0pt; font-family: 'Times New Roman'; mso-fareast-font-family: 'Times New Roman'; mso-fareast-language: ES;\">Se coment\u00f3 entre ellos y los t\u00e9cnicos de La Uni\u00f3 la existencia de amplios ataques de hongos de phitophtora y mycosphaerella, pero creen que no son la raz\u00f3n inicial del problema. Tambi\u00e9n se evidenci\u00f3 mayor incidencia en las variedades Clemenules, Clemenvilla y clementinas extratempranas (aunque igualmente se aprecia en naranjos), as\u00ed como que el patr\u00f3n m\u00e1s sensible es el Carrizo, y el que menos, el Citrumelo.<\/span><\/p>\n<p class=\"MsoNormal\" style=\"mso-margin-top-alt: auto; mso-margin-bottom-alt: auto; line-height: normal;\"><span lang=\"ES\" style=\"font-size: 12.0pt; font-family: 'Times New Roman'; mso-fareast-font-family: 'Times New Roman'; mso-fareast-language: ES;\">VICENTE LLADR\u00d3<\/span><\/p>\n<p class=\"MsoNormal\" style=\"mso-margin-top-alt: auto; mso-margin-bottom-alt: auto; line-height: normal;\"><span lang=\"ES\" style=\"font-size: 12.0pt; font-family: 'Times New Roman'; mso-fareast-font-family: 'Times New Roman'; mso-fareast-language: ES;\">http:\/\/www.lasprovincias.es\/economia\/agricultura\/201607\/04\/ivia-estudia-decaen-naranjos-20160703235724-v.html<\/span><\/p>","protected":false},"excerpt":{"rendered":"<p>Los especialistas sospechan que son problemas derivados de pautas de cultivo antes que debidos a agentes pat\u00f3genos, pero no descartan nada T\u00e9cnicos de La Uni\u00f3 de Llauradors muestran a investigadores de la Conselleria de Agricultura m\u00faltiples casos en la Plana Baixa La alarma ha empezado a extenderse entre los agricultores de la Plana Baixa, al [&hellip;]<\/p>\n","protected":false},"author":1,"featured_media":12509,"comment_status":"closed","ping_status":"closed","sticky":false,"template":"","format":"standard","meta":{"_acf_changed":false,"inline_featured_image":false,"footnotes":""},"categories":[56],"tags":[],"class_list":["post-8946","post","type-post","status-publish","format-standard","has-post-thumbnail","hentry","category-actualidad"],"acf":[],"_links":{"self":[{"href":"https:\/\/edyprobiotec.com\/it\/wp-json\/wp\/v2\/posts\/8946","targetHints":{"allow":["GET"]}}],"collection":[{"href":"https:\/\/edyprobiotec.com\/it\/wp-json\/wp\/v2\/posts"}],"about":[{"href":"https:\/\/edyprobiotec.com\/it\/wp-json\/wp\/v2\/types\/post"}],"author":[{"embeddable":true,"href":"https:\/\/edyprobiotec.com\/it\/wp-json\/wp\/v2\/users\/1"}],"replies":[{"embeddable":true,"href":"https:\/\/edyprobiotec.com\/it\/wp-json\/wp\/v2\/comments?post=8946"}],"version-history":[{"count":0,"href":"https:\/\/edyprobiotec.com\/it\/wp-json\/wp\/v2\/posts\/8946\/revisions"}],"wp:featuredmedia":[{"embeddable":true,"href":"https:\/\/edyprobiotec.com\/it\/wp-json\/wp\/v2\/media\/12509"}],"wp:attachment":[{"href":"https:\/\/edyprobiotec.com\/it\/wp-json\/wp\/v2\/media?parent=8946"}],"wp:term":[{"taxonomy":"category","embeddable":true,"href":"https:\/\/edyprobiotec.com\/it\/wp-json\/wp\/v2\/categories?post=8946"},{"taxonomy":"post_tag","embeddable":true,"href":"https:\/\/edyprobiotec.com\/it\/wp-json\/wp\/v2\/tags?post=8946"}],"curies":[{"name":"wp","href":"https:\/\/api.w.org\/{rel}","templated":true}]}}