{"id":8949,"date":"2016-07-21T00:00:00","date_gmt":"2016-07-21T00:00:00","guid":{"rendered":"https:\/\/www.edypro-online.com\/avisos-de-plagas-y-enfermedades-en-los-cultivos-de-la-comunidad-valenciana\/"},"modified":"2016-07-21T00:00:00","modified_gmt":"2016-07-21T00:00:00","slug":"avisos-de-plagas-y-enfermedades-en-los-cultivos-de-la-comunidad-valenciana","status":"publish","type":"post","link":"https:\/\/edyprobiotec.com\/it\/avisos-de-plagas-y-enfermedades-en-los-cultivos-de-la-comunidad-valenciana\/","title":{"rendered":"Avisos de plagas y enfermedades en los cultivos de la Comunidad Valenciana."},"content":{"rendered":"<p>El Instituto Valenciano de Investigaciones Agrarias en su Bolet\u00edn de Avisos N\u00ba9 2016 detalla los factores de riesgo en los cultivos de arroz, c\u00edtricos, frutales, olivo y vi\u00f1a con las recomendaciones para los agricultores.<\/p>\n<p>El Bolet\u00edn lo pueden descargar en la web de IVIA:<\/p>\n<p><a href=\"http:\/\/gipcitricos.ivia.es\/boletin-de-avisos-no9-julio-agosto-2016.html\">http:\/\/gipcitricos.ivia.es\/boletin-de-avisos-no9-julio-agosto-2016.html<\/a><\/p>\n<p>&nbsp;<\/p>","protected":false},"excerpt":{"rendered":"<p>El Instituto Valenciano de Investigaciones Agrarias en su Bolet\u00edn de Avisos N\u00ba9 2016 detalla los factores de riesgo en los cultivos de arroz, c\u00edtricos, frutales, olivo y vi\u00f1a con las recomendaciones para los agricultores. El Bolet\u00edn lo pueden descargar en la web de IVIA: http:\/\/gipcitricos.ivia.es\/boletin-de-avisos-no9-julio-agosto-2016.html &nbsp;<\/p>","protected":false},"author":1,"featured_media":12512,"comment_status":"closed","ping_status":"closed","sticky":false,"template":"","format":"standard","meta":{"_acf_changed":false,"inline_featured_image":false,"footnotes":""},"categories":[56],"tags":[],"class_list":["post-8949","post","type-post","status-publish","format-standard","has-post-thumbnail","hentry","category-actualidad"],"acf":[],"_links":{"self":[{"href":"https:\/\/edyprobiotec.com\/it\/wp-json\/wp\/v2\/posts\/8949","targetHints":{"allow":["GET"]}}],"collection":[{"href":"https:\/\/edyprobiotec.com\/it\/wp-json\/wp\/v2\/posts"}],"about":[{"href":"https:\/\/edyprobiotec.com\/it\/wp-json\/wp\/v2\/types\/post"}],"author":[{"embeddable":true,"href":"https:\/\/edyprobiotec.com\/it\/wp-json\/wp\/v2\/users\/1"}],"replies":[{"embeddable":true,"href":"https:\/\/edyprobiotec.com\/it\/wp-json\/wp\/v2\/comments?post=8949"}],"version-history":[{"count":0,"href":"https:\/\/edyprobiotec.com\/it\/wp-json\/wp\/v2\/posts\/8949\/revisions"}],"wp:featuredmedia":[{"embeddable":true,"href":"https:\/\/edyprobiotec.com\/it\/wp-json\/wp\/v2\/media\/12512"}],"wp:attachment":[{"href":"https:\/\/edyprobiotec.com\/it\/wp-json\/wp\/v2\/media?parent=8949"}],"wp:term":[{"taxonomy":"category","embeddable":true,"href":"https:\/\/edyprobiotec.com\/it\/wp-json\/wp\/v2\/categories?post=8949"},{"taxonomy":"post_tag","embeddable":true,"href":"https:\/\/edyprobiotec.com\/it\/wp-json\/wp\/v2\/tags?post=8949"}],"curies":[{"name":"wp","href":"https:\/\/api.w.org\/{rel}","templated":true}]}}