{"id":8950,"date":"2016-09-02T00:00:00","date_gmt":"2016-09-02T00:00:00","guid":{"rendered":"https:\/\/www.edypro-online.com\/i-jornada-de-siembra-en-seco-en-el-delta-del-ebro\/"},"modified":"2016-09-02T00:00:00","modified_gmt":"2016-09-02T00:00:00","slug":"i-jornada-de-siembra-en-seco-en-el-delta-del-ebro","status":"publish","type":"post","link":"https:\/\/edyprobiotec.com\/it\/i-jornada-de-siembra-en-seco-en-el-delta-del-ebro\/","title":{"rendered":"I Jornada de Siembra en Seco en el Delta del Ebro"},"content":{"rendered":"<h2 style=\"text-align: center;\"><strong>I Jornada de Siembra en Seco en el Delta del Ebro<\/strong><\/h2>\n<p style=\"text-align: justify;\">El pasado d\u00eda 30 de Agosto en la zona de Delta del Ebro por primera vez se celebr\u00f3 La Jornada Demostrativa De La Siembra En Seco Del Delta Del\u00b4Ebre organizada por <strong>Ebrecultius S.L.<\/strong>, empresa distribuidora de fertilizantes y fitosanitarios en el margen izquierdo del rio Ebro (la zona afectada por la plaga del Caracol Manzana) en colaboraci\u00f3n con las empresas que distribuye en su zona de acci\u00f3n: BASF, <strong>EDYPRO biotecnolog\u00eda<\/strong>, ICL, RiceTec, Sipcam, Maschio Gaspardo, Fertilizantes Gombau.<\/p>\n<p>\u00a0<img decoding=\"async\" style=\"display: block; margin-left: auto; margin-right: auto;\" src=\"\/images\/noticias\/Jornada%20de%20Ebrecultius%202016\/Jornada%20Ebrecultius%202016-1.jpg\" alt=\"\" width=\"600\" \/><\/p>\n<p style=\"text-align: justify;\">La siembra es una t\u00e9cnica muy utilizada en EEUU, pa\u00edses de Am\u00e9rica de Sur, en Italia tambi\u00e9n una importante parte de la superficie arrocera se siembra en seco.<\/p>\n<p style=\"text-align: justify;\">Desde el a\u00f1o 2014 <strong>EDYPRO<\/strong> conociendo muy bien esta t\u00e9cnica por el manejo del cultivo de arroz en Uruguay ha desarrollado:<\/p>\n<h4 style=\"text-align: center;\">EL MANUAL DE SIEMBRA EN SECO.<\/h4>\n<p style=\"text-align: justify;\">Este Manual desde <strong>EDYPRO<\/strong> lo hemos difundido a nuestros principales Distribuidores en distintos puntos de Espa\u00f1a y ahora nos sentimos muy orgullosos de ver como esta t\u00e9cnica se ha implantado en Extremadura (Vegas Altas), Girona (Pals), y en el caso del Delta en el Margen Izquierdo.<\/p>\n<p style=\"text-align: justify;\">Carlos Fornos, el Director T\u00e9cnico y el Gerente de <strong>Ebrecultius<\/strong> acepto desde el principio con mucha ilusi\u00f3n esta t\u00e9cnica para poder convivir con el Caracol Manzana. Nuestra reflexi\u00f3n es El Caracol Manzana est\u00e1 muy presente en la zona del cultivo del Sureste uruguayo (la Laguna Mer\u00edn) y con la siembra en seco la problem\u00e1tica es inexistente y se cultiva de modo perfecto y sin ning\u00fan tipo de dificultad. El pasado a\u00f1o 2015 Carlos Fornos ya se atrevi\u00f3 sembrar algunos campos suyos en siembra directa y ha sabido encontrar la perfecta funcionalidad y manejo al cultivo con sus particularidades. Este a\u00f1o el volumen de siembra ha sido en fincas completas con un resultado excelente en el manejo de las malas hierbas mediante la aplicaci\u00f3n de los herbicidas preemergentes post-siembra.<\/p>\n<p style=\"text-align: justify;\">Y despu\u00e9s ha sabido utilizar la biotecnolog\u00eda de <strong>EDYPRO<\/strong> como biorregulador del cultivo del arroz <a href=\"\/it\/productos-fertilizantes-agricolas\/biotecnologia-en-valencia\/edyfruit-arroz-\/\" target=\"_blank\" rel=\"noopener noreferrer\"><span style=\"color: #008000;\"><strong>RISO AI FRUTTI DI MARE<\/strong><\/span><\/a>.<\/p>\n<p><img decoding=\"async\" style=\"display: block; margin-left: auto; margin-right: auto;\" src=\"\/images\/noticias\/Jornada%20de%20Ebrecultius%202016\/Jornada%20Ebrecultius%202016-2.jpg\" alt=\"\" width=\"600\" \/><\/p>\n<p style=\"text-align: justify;\">En esta jornada se han presentado los campos de arroz sembrados en seco con laboreo y siembra directa sobre el rastrojo. A la vez los asistentes han podido valorar aspectos de manejo de cultivo que les preocupan:<\/p>\n<ul style=\"text-align: justify;\">\n<li>Se minimizan los da\u00f1os provocados por las plagas, como el Caracol Manzana y Quironomidos, y por la avifauna \u2013 dado a que la \u00e9poca m\u00e1s sensible el arroz lo pasa sin agua que es el medio que atrae a estos enemigos naturales del cultivo.<\/li>\n<li>El manejo de malas hierbas con la aplicaci\u00f3n de los herbicidas de preemergencia, que permite controlar las infestantes andes de que se instauren, dando ventajas a\u00f1adidas a las plantas del arroz.<\/li>\n<li>La facilidad de los tratamientos, la mayor\u00eda de los cuales se realizan antes de inundar y el agricultor puede trabajar m\u00e1s c\u00f3modo utilizando las ruedas de goma (neum\u00e1ticas anchas).<\/li>\n<\/ul>\n<p style=\"text-align: justify;\">La gran importancia de las innovaciones presentadas en la jornada se ha confirmado con el gran inter\u00e9s por parte de los agricultores, las preguntas y los comentarios que han hecho durante la jornada.<\/p>\n<p style=\"text-align: justify;\">\n<p style=\"text-align: justify;\">En la ruta de campo hemos visitado una parcela de variedad bomba sembrada en seco y tratada con\u00a0<a href=\"\/it\/productos-fertilizantes-agricolas\/biotecnologia-en-valencia\/edyfruit-arroz-\/\" target=\"_blank\" rel=\"noopener noreferrer\"><span style=\"color: #008000;\"><strong>RISO AI FRUTTI DI MARE<\/strong><\/span><\/a>\u00a0en el 1\u00ba tratamiento de herbicida postemergencia.<\/p>\n<p style=\"text-align: justify;\">Como pueden comprobar en las fotos a continuaci\u00f3n, el campo tratado tiene una densidad de espigas mucho m\u00e1s alta que la parcela de la misma variedad y tambi\u00e9n sembrada en seco. El cultivo tratado con\u00a0<a href=\"\/it\/productos-fertilizantes-agricolas\/biotecnologia-en-valencia\/edyfruit-arroz-\/\" target=\"_blank\" rel=\"noopener noreferrer\"><span style=\"color: #008000;\"><strong>RISO AI FRUTTI DI MARE<\/strong><\/span><\/a>\u00a0genera sensaci\u00f3n de un cultivo fuerte y consistente, con una promesa de muy buena cosecha.<\/p>\n<p>\u00a0<img decoding=\"async\" style=\"display: block; margin-left: auto; margin-right: auto;\" src=\"\/images\/noticias\/Jornada%20de%20Ebrecultius%202016\/Jornada%20Ebrecultius%202016-3.jpg\" alt=\"\" width=\"600\" \/><\/p>\n<p style=\"text-align: justify;\">Les agradecemos a todos los miembros que forman el equipo de Ebrecultius S.L. por la magn\u00edfica organizaci\u00f3n y la introducci\u00f3n de las innovaciones para la mejora del sector arrocero.<\/p>\n<p style=\"text-align: justify;\">\n<p style=\"text-align: justify;\">P.D. Si usted necesita el Manual de Siembra en Seco, solic\u00edtalo a trav\u00e9s de nuestra <a href=\"\/it\/contacto\/\">p\u00e1gina web<\/a>\u00a0y se lo hacemos llegar.<\/p>","protected":false},"excerpt":{"rendered":"<p>I Jornada de Siembra en Seco en el Delta del Ebro El pasado d\u00eda 30 de Agosto en la zona de Delta del Ebro por primera vez se celebr\u00f3 La Jornada Demostrativa De La Siembra En Seco Del Delta Del\u00b4Ebre organizada por Ebrecultius S.L., empresa distribuidora de fertilizantes y fitosanitarios en el margen izquierdo del [&hellip;]<\/p>\n","protected":false},"author":1,"featured_media":12513,"comment_status":"closed","ping_status":"closed","sticky":false,"template":"","format":"standard","meta":{"_acf_changed":false,"inline_featured_image":false,"footnotes":""},"categories":[56],"tags":[],"class_list":["post-8950","post","type-post","status-publish","format-standard","has-post-thumbnail","hentry","category-actualidad"],"acf":[],"_links":{"self":[{"href":"https:\/\/edyprobiotec.com\/it\/wp-json\/wp\/v2\/posts\/8950","targetHints":{"allow":["GET"]}}],"collection":[{"href":"https:\/\/edyprobiotec.com\/it\/wp-json\/wp\/v2\/posts"}],"about":[{"href":"https:\/\/edyprobiotec.com\/it\/wp-json\/wp\/v2\/types\/post"}],"author":[{"embeddable":true,"href":"https:\/\/edyprobiotec.com\/it\/wp-json\/wp\/v2\/users\/1"}],"replies":[{"embeddable":true,"href":"https:\/\/edyprobiotec.com\/it\/wp-json\/wp\/v2\/comments?post=8950"}],"version-history":[{"count":0,"href":"https:\/\/edyprobiotec.com\/it\/wp-json\/wp\/v2\/posts\/8950\/revisions"}],"wp:featuredmedia":[{"embeddable":true,"href":"https:\/\/edyprobiotec.com\/it\/wp-json\/wp\/v2\/media\/12513"}],"wp:attachment":[{"href":"https:\/\/edyprobiotec.com\/it\/wp-json\/wp\/v2\/media?parent=8950"}],"wp:term":[{"taxonomy":"category","embeddable":true,"href":"https:\/\/edyprobiotec.com\/it\/wp-json\/wp\/v2\/categories?post=8950"},{"taxonomy":"post_tag","embeddable":true,"href":"https:\/\/edyprobiotec.com\/it\/wp-json\/wp\/v2\/tags?post=8950"}],"curies":[{"name":"wp","href":"https:\/\/api.w.org\/{rel}","templated":true}]}}