{"id":8954,"date":"2017-05-17T00:00:00","date_gmt":"2017-05-17T00:00:00","guid":{"rendered":"https:\/\/www.edypro-online.com\/feria-infoagro-2017-almeria\/"},"modified":"2017-05-17T00:00:00","modified_gmt":"2017-05-17T00:00:00","slug":"feria-infoagro-2017-almeria","status":"publish","type":"post","link":"https:\/\/edyprobiotec.com\/it\/feria-infoagro-2017-almeria\/","title":{"rendered":"Feria INFOAGRO 2017 Almer\u00eda"},"content":{"rendered":"<p><strong><span style=\"color: #008000; font-size: 12pt;\">InfoAgro Exhibition Almer\u00eda 2017<\/span><\/strong><\/p>\n<p>La <strong>feria InfoAgro 2017 <\/strong>celebrada los pasados d\u00edas 10,11,12 de Mayo en<strong>\u00a0 <\/strong><em>El Palacio de Congresos de Aguadulce<\/em> en<strong> Roquetas de Mar (Almer\u00eda),<\/strong> ha tenido como resultado la visita de m\u00e1s de 40.000 profesionales dedicados al sector del agro, entre agricultores, estudiantes, empresarios y t\u00e9cnicos interesados en conocer de primera mano las \u00faltimas innovaciones a nivel mundial en agricultura intensiva de las m\u00e1s de 300 empresas que han participado en este evento.<\/p>\n<p>El perfil del visitante ha sido el del agricultor empresario que quiere destacar y ser un agricultor de \u201cchampions\u201d y busca tener la m\u00e1xima producci\u00f3n con la mejor calidad en el marco de agricultura convencional o ecol\u00f3gica.<\/p>\n<p>Los 20.000 m<sup>2<\/sup> de exposici\u00f3n han servido para que las empresas y agricultores hayan tenido la oportunidad de darse a conocer y compartir sus experiencias.<\/p>\n<p><span style=\"color: #008000;\"><strong>EDYPRO<\/strong><\/span>, empresa dedicada a la investigaci\u00f3n, desarrollo y fabricaci\u00f3n de productos de <span style=\"color: #000080;\"><strong>Biotecnolog\u00eda<\/strong><\/span> ha enfocado su participaci\u00f3n en la feria en dar a conocer sus \u00faltimas y exitosas novedades con t\u00e9cnicos especializados que personalmente han atendido a todo aquel interesado en el funcionamiento de su biotecnolog\u00eda, referente en investigaci\u00f3n biotecnol\u00f3gica para la agricultura sin residuos y ecol\u00f3gica a nivel nacional e internacional.<\/p>\n<p>Durante tres jornadas completas, <span style=\"color: #008000;\"><strong>EDYPRO<\/strong><\/span> ha conseguido acercarse a todo tipo de perfiles, tanto agricultores como cooperativas y empresas dedicadas al sector. Adem\u00e1s, ha afianzado la relaci\u00f3n con sus clientes y ha promovido la venta de productos mediante los distribuidores y comerciales de la zona Almeriense.<\/p>\n<p>Como ya es conocido, la producci\u00f3n masiva en el llamado \u201cMar de Pl\u00e1stico\u201d son en su mayor\u00eda, tomate, pepino, calabac\u00edn, pimiento, berenjena, sand\u00eda, mel\u00f3n, etc. Por este motivo,<span style=\"color: #008000;\"><strong> EDYPRO<\/strong><\/span> ha enfocado su presencia en la feria para explicar el funcionamiento de sus productos m\u00e1s exitosos y consolidados, <strong><span style=\"color: #000080;\">COUPE REGENERACI\u00d3N<\/span> <span style=\"color: #ff0000;\">PLUS<\/span>, <span style=\"color: #800080;\">PROCUAJE RADICULAR<\/span>,<span style=\"color: #333399;\"> EDYFRUIT ENGORDE RADICULAR<\/span>, <span style=\"color: #993300;\">MADUR FRUIT RADICULAR<\/span><\/strong> y en fase de expansi\u00f3n <strong><span style=\"color: #ff6600;\">MELASTOP<\/span>, <span style=\"color: #800000;\">CENICIENTA<\/span><\/strong> y <strong><span style=\"color: #000080;\">BIDESINFECCI\u00d3N<\/span> <span style=\"color: #ff0000;\">PLUS<\/span><\/strong> y como novedades m\u00e1s exitosas <span style=\"color: #993366;\"><strong>REVOLUTION<\/strong><\/span> y <strong><span style=\"color: #0000ff;\">BOTCAR<\/span>.<\/strong><\/p>\n<p>Con estos productos conseguimos grandes resultados agron\u00f3micos, una alta producci\u00f3n y calidad de los frutos con un mejor funcionamiento en el sistema inmunol\u00f3gico de las plantas.<\/p>\n<p>Desde <strong><span style=\"color: #008000;\">EDYPRO<\/span> <\/strong>nos sentimos muy orgullosos y gratificados por la amplia cantidad de agricultores que se han acercado a nuestro stand para compartir su \u00e9xito con nosotros transmiti\u00e9ndonos sus satisfacciones y logros conseguidos mediante nuestros productos biotecnol\u00f3gicos.<\/p>\n<p>En la <strong>F<span style=\"color: #000000;\">eria InfoAgro 2017<\/span><\/strong> de Almer\u00eda hemos podido compartir con todos ustedes nuestro trabajo y dedicaci\u00f3n para que sus cultivos tengan cada d\u00eda m\u00e1s \u00e9xito.<\/p>\n<p>\u00a1\u00a1Gracias a todos los que se han acercado a nuestro stand y a todos los que conf\u00edan en nosotros d\u00eda a d\u00eda para hacer de la agricultura una gran empresa de futuro!!<\/p>\n<p><img decoding=\"async\" style=\"display: block; margin-left: auto; margin-right: auto;\" src=\"\/images\/noticias\/INFOAGRO%202017\/subir4.JPG\" alt=\"\" width=\"400\" \/><\/p>\n<p style=\"text-align: center;\"><img decoding=\"async\" src=\"\/images\/noticias\/INFOAGRO%202017\/subir13.JPG\" alt=\"\" width=\"400\" \/><\/p>\n<p style=\"text-align: center;\"><img decoding=\"async\" src=\"\/images\/noticias\/INFOAGRO%202017\/subir14.JPG\" alt=\"\" width=\"400\" \/><\/p>\n<p style=\"text-align: center;\"><img decoding=\"async\" src=\"\/images\/noticias\/INFOAGRO%202017\/subir19.JPG\" alt=\"\" width=\"400\" \/><\/p>\n<p style=\"text-align: center;\">\n<p style=\"text-align: center;\"><img decoding=\"async\" src=\"\/images\/noticias\/INFOAGRO%202017\/subir18.JPG\" alt=\"\" width=\"400\" \/><\/p>\n<p style=\"text-align: center;\"><img decoding=\"async\" src=\"\/images\/noticias\/INFOAGRO%202017\/subir23.JPG\" alt=\"\" width=\"400\" \/><\/p>\n<p style=\"text-align: center;\"><img decoding=\"async\" src=\"\/images\/noticias\/INFOAGRO%202017\/subir21.JPG\" alt=\"\" width=\"400\" \/><\/p>\n<p style=\"text-align: center;\"><img decoding=\"async\" src=\"\/images\/noticias\/INFOAGRO%202017\/subir24.JPG\" alt=\"\" width=\"400\" \/><\/p>\n<p style=\"text-align: center;\"><img decoding=\"async\" src=\"\/images\/noticias\/INFOAGRO%202017\/subir3.JPG\" alt=\"\" width=\"400\" \/><\/p>\n<p style=\"text-align: center;\"><img decoding=\"async\" src=\"\/images\/noticias\/INFOAGRO%202017\/subir8.JPG\" alt=\"\" width=\"400\" \/><\/p>\n<p style=\"text-align: center;\"><img decoding=\"async\" src=\"\/images\/noticias\/INFOAGRO%202017\/subir17.JPG\" alt=\"\" width=\"400\" \/><\/p>\n<p style=\"text-align: center;\"><img decoding=\"async\" src=\"\/images\/noticias\/INFOAGRO%202017\/subir16.JPG\" alt=\"\" width=\"400\" \/><\/p>\n<p style=\"text-align: center;\"><img decoding=\"async\" src=\"\/images\/noticias\/INFOAGRO%202017\/subir20.JPG\" alt=\"\" width=\"400\" \/><\/p>\n<p style=\"text-align: center;\">\n<p style=\"text-align: center;\">\n<p style=\"text-align: center;\">","protected":false},"excerpt":{"rendered":"<p>InfoAgro Exhibition Almer\u00eda 2017 La feria InfoAgro 2017 celebrada los pasados d\u00edas 10,11,12 de Mayo en\u00a0 El Palacio de Congresos de Aguadulce en Roquetas de Mar (Almer\u00eda), ha tenido como resultado la visita de m\u00e1s de 40.000 profesionales dedicados al sector del agro, entre agricultores, estudiantes, empresarios y t\u00e9cnicos interesados en conocer de primera mano [&hellip;]<\/p>\n","protected":false},"author":1,"featured_media":1142,"comment_status":"closed","ping_status":"closed","sticky":false,"template":"","format":"standard","meta":{"_acf_changed":false,"inline_featured_image":false,"footnotes":""},"categories":[56],"tags":[],"class_list":["post-8954","post","type-post","status-publish","format-standard","has-post-thumbnail","hentry","category-actualidad"],"acf":[],"_links":{"self":[{"href":"https:\/\/edyprobiotec.com\/it\/wp-json\/wp\/v2\/posts\/8954","targetHints":{"allow":["GET"]}}],"collection":[{"href":"https:\/\/edyprobiotec.com\/it\/wp-json\/wp\/v2\/posts"}],"about":[{"href":"https:\/\/edyprobiotec.com\/it\/wp-json\/wp\/v2\/types\/post"}],"author":[{"embeddable":true,"href":"https:\/\/edyprobiotec.com\/it\/wp-json\/wp\/v2\/users\/1"}],"replies":[{"embeddable":true,"href":"https:\/\/edyprobiotec.com\/it\/wp-json\/wp\/v2\/comments?post=8954"}],"version-history":[{"count":0,"href":"https:\/\/edyprobiotec.com\/it\/wp-json\/wp\/v2\/posts\/8954\/revisions"}],"wp:featuredmedia":[{"embeddable":true,"href":"https:\/\/edyprobiotec.com\/it\/wp-json\/wp\/v2\/media\/1142"}],"wp:attachment":[{"href":"https:\/\/edyprobiotec.com\/it\/wp-json\/wp\/v2\/media?parent=8954"}],"wp:term":[{"taxonomy":"category","embeddable":true,"href":"https:\/\/edyprobiotec.com\/it\/wp-json\/wp\/v2\/categories?post=8954"},{"taxonomy":"post_tag","embeddable":true,"href":"https:\/\/edyprobiotec.com\/it\/wp-json\/wp\/v2\/tags?post=8954"}],"curies":[{"name":"wp","href":"https:\/\/api.w.org\/{rel}","templated":true}]}}