{"id":8957,"date":"2017-06-08T00:00:00","date_gmt":"2017-06-08T00:00:00","guid":{"rendered":"https:\/\/www.edypro-online.com\/presentacion-proyecto-tomres-2017-2020\/"},"modified":"2017-06-08T00:00:00","modified_gmt":"2017-06-08T00:00:00","slug":"presentacion-proyecto-tomres-2017-2020","status":"publish","type":"post","link":"https:\/\/edyprobiotec.com\/it\/presentacion-proyecto-tomres-2017-2020\/","title":{"rendered":"PRESENTACI\u00d3N PROYECTO TOMRES 2017-2020"},"content":{"rendered":"<p><span style=\"font-size: 12pt;\">Tenemos el placer de anunciarles que est\u00e1 teniendo lugar la presentaci\u00f3n del <strong><span style=\"color: #ff0000;\">P<\/span><span style=\"color: #ff0000;\">royecto TOMRES<\/span><\/strong> en la <strong><span style=\"color: #333399;\">Universit\u00e0 degli Studio di Torino (Italia).<\/span><\/strong><\/span><\/p>\n<p><span style=\"font-size: 12pt;\">Este proyecto reune 25 entidades\u00a0y 200 t\u00e9cnicos\u00a0participantes de 10 pa\u00edses europeos e Israel y est\u00e1 liderado por Andrea Schubert, profesol del Departamento de Ciencias Agricolas, Forestales y Alimentares de la Universidad de Tur\u00edn.<\/span><\/p>\n<p><span style=\"font-size: 12pt;\">Este\u00a0proyecto se ha desarrollado\u00a0con el objetivo de implementar sistemas de cultivo de tomate que sean respetuosos con el Medio Ambiente y que reduzcan el impacto sobre los recursos naturales da\u00f1inos del mismo.<\/span><\/p>\n<p><img fetchpriority=\"high\" decoding=\"async\" style=\"display: block; margin-left: auto; margin-right: auto;\" src=\"\/images\/\/logoTomres-320x229.png\" alt=\"\" width=\"300\" height=\"214\" \/><\/p>\n<p><span style=\"font-size: 12pt;\">El\u00a0proyecto est\u00e1 financiado\u00a0por la <strong><span style=\"color: #000080;\">Comunidad Europea\u00a0<\/span><\/strong><span style=\"color: #000000;\">mediante el programa Horizonte 2020. El proyecto se llevar\u00e1 a cabo durante 3 a\u00f1os con la aportaci\u00f3n del conocimiento y experiencia de las diferentes entidades y universidades implicadas.\u00a0<\/span><\/span><\/p>\n<p><span style=\"font-size: 12pt;\"><span style=\"color: #000000;\"><img decoding=\"async\" style=\"display: block; margin-left: auto; margin-right: auto;\" src=\"\/images\/\/TOMRES.jpg\" alt=\"\" width=\"300\" \/><\/span><\/span><\/p>\n<p><span style=\"font-size: medium;\"><strong><span style=\"color: #008000;\">EDYPRO<\/span> b<span style=\"color: #000000;\">iotecnolog\u00eda <\/span><\/strong>participar\u00e1 activamente mediante un plan previamente establecido donde aplicando sus productos <a href=\"\/it\/productos-fertilizantes-biotecnologicos\/generadores-autodefensa\/coupe-regeneracion-plus\/\"><span style=\"color: #0000ff;\"><strong>COUP\u00c9 REGENERACI\u00d3N<\/strong><\/span> <span style=\"color: #ff0000;\"><strong>Plus<\/strong> <\/span><\/a>y\u00a0<a href=\"\/it\/productos-fertilizantes-biotecnologicos\/estimulantes\/estimulantes-fructificacion\/procuaje-radicular\/\"><strong><span style=\"color: #800080;\">PROCUAJE RADICULAR<\/span><\/strong><\/a>\u00a0<strong><span style=\"color: #ff0000;\">\u00a0<\/span><\/strong><span style=\"color: #ff0000;\"><span style=\"color: #000000;\">pretenden sacar el m\u00e1ximo rendimiento en el cultivo del tomate en situaciones de estr\u00e9s.<\/span><\/span><\/span><\/p>\n<p><span style=\"font-size: medium;\"><span style=\"color: #ff0000;\"><span style=\"color: #000000;\">Durante la evoluci\u00f3n del proyecto les informando de los avances del mismo.<\/span><\/span><\/span><\/p>\n<p><span style=\"font-size: 12pt;\">En los siguientes enlaces podr\u00e1n ver m\u00e1s informaci\u00f3n de\u00a0los medios italianos: <\/span><\/p>\n<p><span style=\"color: #0000ff;\"><a style=\"color: #0000ff;\" href=\"http:\/\/www.torinoggi.it\/2017\/06\/07\/leggi-notizia\/argomenti\/cronaca-11\/articolo\/tomres-luniversita-di-torino-punta-al-pomodoro-sostenibile.html\" target=\"_blank\" rel=\"noopener noreferrer\">Torino Oggi<\/a><\/span><\/p>\n<p><span style=\"color: #0000ff;\"><a style=\"color: #0000ff;\" href=\"http:\/\/www.ansa.it\/piemonte\/notizie\/2017\/06\/07\/nascera-pomodoro-eco-sostenibile_99c730d9-323e-4382-aa5f-a3aac13a3528.html\" target=\"_blank\" rel=\"noopener noreferrer\">ANSA<\/a><\/span><\/p>\n<p>&nbsp;<\/p>","protected":false},"excerpt":{"rendered":"<p>Tenemos el placer de anunciarles que est\u00e1 teniendo lugar la presentaci\u00f3n del Proyecto TOMRES en la Universit\u00e0 degli Studio di Torino (Italia). Este proyecto reune 25 entidades\u00a0y 200 t\u00e9cnicos\u00a0participantes de 10 pa\u00edses europeos e Israel y est\u00e1 liderado por Andrea Schubert, profesol del Departamento de Ciencias Agricolas, Forestales y Alimentares de la Universidad de Tur\u00edn. [&hellip;]<\/p>\n","protected":false},"author":1,"featured_media":12519,"comment_status":"closed","ping_status":"closed","sticky":false,"template":"","format":"standard","meta":{"_acf_changed":false,"inline_featured_image":false,"footnotes":""},"categories":[56],"tags":[],"class_list":["post-8957","post","type-post","status-publish","format-standard","has-post-thumbnail","hentry","category-actualidad"],"acf":[],"_links":{"self":[{"href":"https:\/\/edyprobiotec.com\/it\/wp-json\/wp\/v2\/posts\/8957","targetHints":{"allow":["GET"]}}],"collection":[{"href":"https:\/\/edyprobiotec.com\/it\/wp-json\/wp\/v2\/posts"}],"about":[{"href":"https:\/\/edyprobiotec.com\/it\/wp-json\/wp\/v2\/types\/post"}],"author":[{"embeddable":true,"href":"https:\/\/edyprobiotec.com\/it\/wp-json\/wp\/v2\/users\/1"}],"replies":[{"embeddable":true,"href":"https:\/\/edyprobiotec.com\/it\/wp-json\/wp\/v2\/comments?post=8957"}],"version-history":[{"count":0,"href":"https:\/\/edyprobiotec.com\/it\/wp-json\/wp\/v2\/posts\/8957\/revisions"}],"wp:featuredmedia":[{"embeddable":true,"href":"https:\/\/edyprobiotec.com\/it\/wp-json\/wp\/v2\/media\/12519"}],"wp:attachment":[{"href":"https:\/\/edyprobiotec.com\/it\/wp-json\/wp\/v2\/media?parent=8957"}],"wp:term":[{"taxonomy":"category","embeddable":true,"href":"https:\/\/edyprobiotec.com\/it\/wp-json\/wp\/v2\/categories?post=8957"},{"taxonomy":"post_tag","embeddable":true,"href":"https:\/\/edyprobiotec.com\/it\/wp-json\/wp\/v2\/tags?post=8957"}],"curies":[{"name":"wp","href":"https:\/\/api.w.org\/{rel}","templated":true}]}}