{"id":8960,"date":"2017-08-07T00:00:00","date_gmt":"2017-08-07T00:00:00","guid":{"rendered":"https:\/\/www.edypro-online.com\/jornada-de-campo-del-arroz-en-italia\/"},"modified":"2017-08-07T00:00:00","modified_gmt":"2017-08-07T00:00:00","slug":"jornada-de-campo-del-arroz-en-italia","status":"publish","type":"post","link":"https:\/\/edyprobiotec.com\/it\/jornada-de-campo-del-arroz-en-italia\/","title":{"rendered":"JORNADA DE CAMPO DEL ARROZ EN ITALIA"},"content":{"rendered":"<p><span style=\"font-size: 12pt;\">Como lo ha sido durante casi treinta a\u00f1os, este verano la compa\u00f1\u00eda <strong><span style=\"color: #000080;\">Lugano Leonardo S.R.L<\/span> <\/strong>organiza una jornada de demostraci\u00f3n en el campo, donde se presentar\u00e1n las principales nuevas variedades de arroz desarrolladas por la Compa\u00f1\u00eda. <\/span><\/p>\n<p><span style=\"font-size: 12pt;\">La Jornada<strong><span style=\"color: #ff0000;\">\u00a0se celebrar\u00e1 el 28 de agosto a partir de las 10:00h de la ma\u00f1ana<\/span><\/strong>\u00a0en la <strong><span style=\"color: #008000;\">granja Viazzo Maurizio<\/span><\/strong> se encuentra <strong><span style=\"color: #008000;\">en la Torre de Vinzaglio, en la provincia de Novara<\/span><\/strong>, y se dirige en particular a los agricultores, comerciantes y t\u00e9cnicos, pero estar\u00e1 abierto a todos aquellos que est\u00e9n interesados.<\/span><\/p>\n<p><span style=\"font-size: 12pt;\"><strong><span style=\"color: #000080;\">Lugano Leonardo<\/span><\/strong>, la compa\u00f1\u00eda de semillas que se cre\u00f3 en los a\u00f1os cincuenta, se dedica ahora muchos a\u00f1os exclusivamente al estudio y desarrollo de nuevas variedades de arroz para el cultivo en todas las \u00e1reas europeas de cultivo de arroz, en Rusia y en Turqu\u00eda. La compa\u00f1\u00eda ha establecido un centro de investigaci\u00f3n importante que le permite presentar casi todos los a\u00f1os nuevas variedades de semillas de arroz, centr\u00e1ndose sus estudios tanto en el valor nutricional de las caracter\u00edsticas del pericarpio, en lo que respecta en particular, el aspecto antioxidante. Este trabajo est\u00e1 en constante evoluci\u00f3n y es desde aqu\u00ed que la idea de crear una l\u00ednea especial de arroz: el arroz funcional <strong><span style=\"color: #000080;\">Lugano<\/span> <\/strong>que incluye las variedades de embriones gigante, obtenidos por los programas cl\u00e1sicos de mejoramiento, y libre de transg\u00e9nicos. Hasta la fecha, el estudio tambi\u00e9n variedades embri\u00f3n gigante pericarpio negro y rojo.<\/span><\/p>\n<p><span style=\"font-size: 12pt;\">As\u00ed pues, el d\u00eda representa una oportunidad \u00fanica para conocer y entender el trabajo de la compa\u00f1\u00eda <strong><span style=\"color: #000080;\">Lugano<\/span> <\/strong>crece tambi\u00e9n gracias a la innovaci\u00f3n y para hacer frente a sus ingenieros e investigadores. El d\u00eda dar\u00e1 un amplio espacio para las propuestas <strong><span style=\"color: #000080;\">Lugano<\/span><\/strong> varietales en variedades experimentales y \/ o pendientes de registro y la variedad de la matr\u00edcula reciente.<\/span><\/p>\n<p><span style=\"font-size: 12pt;\">Aqu\u00ed les mostramos la noticia con m\u00e1s informaci\u00f3n de inter\u00e9s:\u00a0<a href=\"http:\/\/www.risoitaliano.eu\/giornata-lugano-il-28-agosto\/\" target=\"_blank\" rel=\"noopener noreferrer\">PINCHE AQU\u00cd<\/a><\/span><\/p>\n<p><span style=\"font-size: 12pt;\"><img decoding=\"async\" style=\"display: block; margin-left: auto; margin-right: auto;\" src=\"\/images\/noticias\/GIORNATA%20LUGANO%20\/lugano-prove2-642x371.jpg\" alt=\"\" width=\"600\" \/><\/span><\/p>\n<p>&nbsp;<\/p>","protected":false},"excerpt":{"rendered":"<p>Como lo ha sido durante casi treinta a\u00f1os, este verano la compa\u00f1\u00eda Lugano Leonardo S.R.L organiza una jornada de demostraci\u00f3n en el campo, donde se presentar\u00e1n las principales nuevas variedades de arroz desarrolladas por la Compa\u00f1\u00eda. La Jornada\u00a0se celebrar\u00e1 el 28 de agosto a partir de las 10:00h de la ma\u00f1ana\u00a0en la granja Viazzo Maurizio [&hellip;]<\/p>\n","protected":false},"author":1,"featured_media":12523,"comment_status":"closed","ping_status":"closed","sticky":false,"template":"","format":"standard","meta":{"_acf_changed":false,"inline_featured_image":false,"footnotes":""},"categories":[56],"tags":[],"class_list":["post-8960","post","type-post","status-publish","format-standard","has-post-thumbnail","hentry","category-actualidad"],"acf":[],"_links":{"self":[{"href":"https:\/\/edyprobiotec.com\/it\/wp-json\/wp\/v2\/posts\/8960","targetHints":{"allow":["GET"]}}],"collection":[{"href":"https:\/\/edyprobiotec.com\/it\/wp-json\/wp\/v2\/posts"}],"about":[{"href":"https:\/\/edyprobiotec.com\/it\/wp-json\/wp\/v2\/types\/post"}],"author":[{"embeddable":true,"href":"https:\/\/edyprobiotec.com\/it\/wp-json\/wp\/v2\/users\/1"}],"replies":[{"embeddable":true,"href":"https:\/\/edyprobiotec.com\/it\/wp-json\/wp\/v2\/comments?post=8960"}],"version-history":[{"count":0,"href":"https:\/\/edyprobiotec.com\/it\/wp-json\/wp\/v2\/posts\/8960\/revisions"}],"wp:featuredmedia":[{"embeddable":true,"href":"https:\/\/edyprobiotec.com\/it\/wp-json\/wp\/v2\/media\/12523"}],"wp:attachment":[{"href":"https:\/\/edyprobiotec.com\/it\/wp-json\/wp\/v2\/media?parent=8960"}],"wp:term":[{"taxonomy":"category","embeddable":true,"href":"https:\/\/edyprobiotec.com\/it\/wp-json\/wp\/v2\/categories?post=8960"},{"taxonomy":"post_tag","embeddable":true,"href":"https:\/\/edyprobiotec.com\/it\/wp-json\/wp\/v2\/tags?post=8960"}],"curies":[{"name":"wp","href":"https:\/\/api.w.org\/{rel}","templated":true}]}}