{"id":8969,"date":"2018-12-27T00:00:00","date_gmt":"2018-12-27T00:00:00","guid":{"rendered":"https:\/\/www.edypro-online.com\/entrevista-a-jose-rivera-cliente-de-edypro\/"},"modified":"2018-12-27T00:00:00","modified_gmt":"2018-12-27T00:00:00","slug":"entrevista-a-jose-rivera-cliente-de-edypro","status":"publish","type":"post","link":"https:\/\/edyprobiotec.com\/it\/entrevista-a-jose-rivera-cliente-de-edypro\/","title":{"rendered":"Entrevista a Jos\u00e9 Rivera, cliente de EDYPRO"},"content":{"rendered":"<p>Jos\u00e9 Rivera pertenece a una familia con una larga tradici\u00f3n agr\u00edcola. Encarna la cuarta generaci\u00f3n dedicada a la tierra y a lo largo de su vida tambi\u00e9n ha trabajado como representante comercial de EDYPRO. Nos recibe en su campo de mandarinas de Torres Torres donde cultiva variedades Oronules y Esbal para contarnos c\u00f3mo la biotecnolog\u00eda de EDYPRO le facilita la vida y mejora la calidad de sus cultivos.<\/p>\n<ul>\n<li><strong>Son muchos a\u00f1os utilizando los productos de EDYPRO\u2026<\/strong><\/li>\n<\/ul>\n<p>S\u00ed, conozco a Vicente desde el a\u00f1o 92 y cuando se embarc\u00f3 en este proyecto, no dud\u00e9 en apostar por \u00e9l. Es una persona que te da mucha confianza porque hace una muy buena lectura de los campos y las plantas. Pero, sobre todo, te das cuenta de que no va solo a vender y endosarte una factura. Te dice si hay que regar, podar, \u2026 Sientes que realmente se preocupa de tu trabajo.<\/p>\n<ul>\n<li><strong>\u00bfQu\u00e9 tienen los productos de EDYPRO para que lleve tantos a\u00f1os confiando en ellos?<\/strong><\/li>\n<\/ul>\n<p>Los conozco bien, porque he estado algunos a\u00f1os trabajando como distribuidor, pero, adem\u00e1s, es que ofrecen resultados. Y con constancia y asiduidad estos resultados son duraderos.<\/p>\n<p>Aunque muchas veces si el decaimiento del cultivo es poco exagerado, los resultados son menos evidentes; pero cuando el cultivo est\u00e1 en estado cr\u00edtico con pocas actuaciones el resultado es espectacular. Lo cierto es que si los comparas con otros productos se perciben las diferencias al instante.<\/p>\n<ul>\n<li><strong>Cu\u00e9ntenos alg\u00fan caso en que a usted le hayan salvado el a\u00f1o.<\/strong><\/li>\n<\/ul>\n<p>Te puedo contar un ejemplo muy claro que me encontraba en mi etapa de distribuidor. Normalmente entr\u00e1bamos a una finca cuando ya no sab\u00edan qu\u00e9 hacer. Hab\u00edan probado las soluciones convencionales y nada daba resultado. Entonces se encomendaban a esto de la biotecnolog\u00eda y lo sac\u00e1bamos adelante. Hemos salvado cultivos que sus propietarios pensaban que ser\u00edan para arrancar.<\/p>\n<ul>\n<li><strong>\u00bfY en sus tierras?<\/strong><\/li>\n<\/ul>\n<p>La cosecha de mandarinas este a\u00f1o presentaba \u201cpixat\u201d. Ahora han regenerado la piel, est\u00e1 perfecta. Tambi\u00e9n alg\u00fan a\u00f1o que alguna variedad se ha echado a perder en la zona, aqu\u00ed han dado la talla superando las dificultades clim\u00e1ticas con \u00e9xito.<\/p>\n<p>Tambi\u00e9n te das cuenta de que cuando recolectas el campo, el \u00e1rbol, queda en perfectas condiciones para el a\u00f1o siguiente.<\/p>\n<p>Yo siempre digo que a estos productos hay que tenerles fe, porque, aunque los resultados son palpables, cuando todo va bien son menos evidentes. Simplemente percibes que tu campo funciona muy bien y eso hace que te relajes y puedas caer en \u201cel lado oscuro\u201d.<\/p>\n<ul>\n<li><strong>\u00bfQu\u00e9 es esto del lado oscuro? <\/strong><\/li>\n<\/ul>\n<p>Yo el a\u00f1o pasado me relaj\u00e9. Fue un buen a\u00f1o, sin grandes problemas y pens\u00e9: voy a echar cualquier cosa porque esto este a\u00f1o funciona solo y me puedo ahorrar unos euros. \u00bfQu\u00e9 consegu\u00ed? Estropear las cosas (una mala cosecha) y tener que arreglarlas este a\u00f1o con ayuda de EDYPRO.<\/p>\n<p>Las cifras hablan por s\u00ed solas. El a\u00f1o pasado la cosecha de Oronules fue de 55 mil kilos. Este a\u00f1o ha sido de 130 mil kilos.<\/p>\n<ul>\n<li><strong>\u00bfPor qu\u00e9 recomendar\u00eda EDYPRO a otros agricultores?<\/strong><\/li>\n<\/ul>\n<p>Los resultados hacen que se recomiende solo. Te voy a contar una an\u00e9cdota muy graciosa. Hace un tiempo vino un comprador y me dice que ten\u00eda un cliente que utilizaba unos productos que eran la \u2018pera\u2019 y le hac\u00edan funcionar las plantas con una calidad y unos ritmos impresionantes. Qued\u00f3 en pasarme la informaci\u00f3n d\u00edas m\u00e1s tarde. Estuve varias horas riendo cuando me mand\u00f3 un mensaje recomend\u00e1ndome los productos de EDYPRO. \u201cS\u00ed, de algo me suenan\u201d, le dije.<\/p>\n<p>La verdad es que a la calidad y buen\u00edsimos resultados de los productos se suma el trato personalizado que da Vicente. Es dif\u00edcil encontrar a alguien que sienta la agronom\u00eda tanto como \u00e9l y lo refleje en su trato con el campo y los clientes.<\/p>\n<p><em>Nota: Vicente Puchol es el Director T\u00e9cnico de EDYPRO<\/em><\/p>","protected":false},"excerpt":{"rendered":"<p>Jos\u00e9 Rivera pertenece a una familia con una larga tradici\u00f3n agr\u00edcola. Encarna la cuarta generaci\u00f3n dedicada a la tierra y a lo largo de su vida tambi\u00e9n ha trabajado como representante comercial de EDYPRO. Nos recibe en su campo de mandarinas de Torres Torres donde cultiva variedades Oronules y Esbal para contarnos c\u00f3mo la biotecnolog\u00eda [&hellip;]<\/p>\n","protected":false},"author":1,"featured_media":12532,"comment_status":"closed","ping_status":"closed","sticky":false,"template":"","format":"standard","meta":{"_acf_changed":false,"inline_featured_image":false,"footnotes":""},"categories":[56],"tags":[],"class_list":["post-8969","post","type-post","status-publish","format-standard","has-post-thumbnail","hentry","category-actualidad"],"acf":[],"_links":{"self":[{"href":"https:\/\/edyprobiotec.com\/it\/wp-json\/wp\/v2\/posts\/8969","targetHints":{"allow":["GET"]}}],"collection":[{"href":"https:\/\/edyprobiotec.com\/it\/wp-json\/wp\/v2\/posts"}],"about":[{"href":"https:\/\/edyprobiotec.com\/it\/wp-json\/wp\/v2\/types\/post"}],"author":[{"embeddable":true,"href":"https:\/\/edyprobiotec.com\/it\/wp-json\/wp\/v2\/users\/1"}],"replies":[{"embeddable":true,"href":"https:\/\/edyprobiotec.com\/it\/wp-json\/wp\/v2\/comments?post=8969"}],"version-history":[{"count":0,"href":"https:\/\/edyprobiotec.com\/it\/wp-json\/wp\/v2\/posts\/8969\/revisions"}],"wp:featuredmedia":[{"embeddable":true,"href":"https:\/\/edyprobiotec.com\/it\/wp-json\/wp\/v2\/media\/12532"}],"wp:attachment":[{"href":"https:\/\/edyprobiotec.com\/it\/wp-json\/wp\/v2\/media?parent=8969"}],"wp:term":[{"taxonomy":"category","embeddable":true,"href":"https:\/\/edyprobiotec.com\/it\/wp-json\/wp\/v2\/categories?post=8969"},{"taxonomy":"post_tag","embeddable":true,"href":"https:\/\/edyprobiotec.com\/it\/wp-json\/wp\/v2\/tags?post=8969"}],"curies":[{"name":"wp","href":"https:\/\/api.w.org\/{rel}","templated":true}]}}